{"id":27261,"date":"2024-11-08T08:48:42","date_gmt":"2024-11-08T07:48:42","guid":{"rendered":"https:\/\/dgeric.cultura.gov.it\/?p=27261"},"modified":"2024-11-12T09:59:03","modified_gmt":"2024-11-12T08:59:03","slug":"scopri-la-mappa-della-citta-educante-di-roma-capitale-terza-edizione","status":"publish","type":"post","link":"https:\/\/dgeric.cultura.gov.it\/en\/scopri-la-mappa-della-citta-educante-di-roma-capitale-terza-edizione\/","title":{"rendered":"Scopri la Mappa della Citt\u00e0 educante di Roma Capitale terza edizione"},"content":{"rendered":"<div>\n<p>Luned\u00ec <strong>11 novembre 2024<\/strong>, dalle ore 9 alle ore 13:30 presso l&#8217;Acquario Romano, sar\u00e0 presentata la <strong>Mappa della Citt\u00e0 educante <\/strong>giunta alla terza edizione. Un&#8217;iniziativa dell&#8217;Assessorato alla scuola, formazione e lavoro di Roma Capitale che raccoglie opportunit\u00e0 didattiche, formative e culturali gratuite per studentesse, studenti e docenti delle scuole di ogni ordine e grado di Roma Capitale.<\/p>\n<p>The <strong>terza edizione<\/strong>\u00a0racchiude\u00a0<strong>240 progetti<\/strong>\u00a0e il coinvolgimento di pi\u00f9 di 40 tra le pi\u00f9 prestigiose istituzioni culturali, sociali e sanitarie della citt\u00e0.<\/p>\n<p>All&#8217;interno dei corner tematici, Marina Di Berardo della Direzione generale Educazione, ricerca e istituti culturali, Servizio I &#8211; Ufficio studi, Centro per i servizi educativi, presenter\u00e0 le <strong>proposte progettuali del Ministero della Cultura<\/strong> con l&#8217;intervento: <i>Non puoi usare una vecchia mappa per esplorare un nuovo mondo<\/i>\u00a0(A. Einstein)<i>. I percorsi dei Servizi educativi del MiC. <\/i><\/p>\n<p>The<a href=\"https:\/\/icpi.cultura.gov.it\/\">Istituto centrale per il patrimonio immateriale<\/a> (ICPI) parteciper\u00e0 con un laboratorio esemplificativo, curato da Valentina Santonico: <i>Il gioco dell&#8217;oca &#8230; te lo ricordi? Alla scoperta delle nostre tradizioni ludiche.<\/i><\/p>\n<\/div>\n<p>On <strong>Center for Educational Services<\/strong> nell\u2019ambito della propria <i>mission<\/i>\u00a0istituzionale, delle strategie individuate nel\u00a0<i>Piano per l\u2019educazione al patrimonio culturale<\/i> e degli interventi messi in atto a favore dei percorsi di educazione diffusa, ha promosso la terza edizione dell\u2019iniziativa tra i <span data-olk-copy-source=\"MessageBody\">servizi educativi degli istituti MiC nella citt\u00e0 di Roma<\/span>.<\/p>\n<p>Con l\u2019<strong>obiettivo di ampliare le opportunit\u00e0 di partecipazione culturale<\/strong> e in linea con le attivit\u00e0 di educazione al patrimonio svolte dal Centro in coordinamento con i Servizi educativi, la Mappa della citt\u00e0 educante &#8211; a.s. 2024\/25 si propone di integrare i piani dell\u2019offerta delle scuole di ogni ordine e grado, nonch\u00e9 i percorsi di istruzione professionale e di formazione per adulti, coinvolgendo le istituzioni sul territorio in una programmazione condivisa.<\/p>\n<h4>How to participate<\/h4>\n<p>Per partecipare all&#8217;iniziativa e consultare il programma visita la <a href=\"https:\/\/www.comune.roma.it\/web\/it\/notizia\/mappa-cittaeducante-2024-2025.page\">pagina dedicata sul sito del Comune di Roma<\/a>.<\/p>\n<div><\/div>\n<div><\/div>\n<div class=\"x_elementToProof\"><\/div>","protected":false},"excerpt":{"rendered":"<p>Luned\u00ec 11 novembre 2024, dalle ore 9 alle ore 13:30 presso l&#8217;Acquario Romano, sar\u00e0 presentata la Mappa della Citt\u00e0 educante giunta alla terza edizione. Un&#8217;iniziativa &#8230; <\/p>","protected":false},"author":1,"featured_media":27276,"comment_status":"closed","ping_status":"closed","sticky":false,"template":"","format":"standard","meta":{"footnotes":""},"categories":[13,14,189],"tags":[],"class_list":["post-27261","post","type-post","status-publish","format-standard","has-post-thumbnail","hentry","category-educazione","category-eventi","category-tutti-articoli"],"acf":[],"yoast_head":"<!-- This site is optimized with the Yoast SEO plugin v23.3 - https:\/\/yoast.com\/wordpress\/plugins\/seo\/ -->\n<title>Scopri la Mappa della Citt\u00e0 educante di Roma Capitale terza edizione - Direzione Generale Educazione, ricerca e istituti culturali<\/title>\n<meta name=\"robots\" content=\"index, follow, max-snippet:-1, max-image-preview:large, max-video-preview:-1\" \/>\n<link rel=\"canonical\" href=\"https:\/\/dgeric.cultura.gov.it\/en\/scopri-la-mappa-della-citta-educante-di-roma-capitale-terza-edizione\/\" \/>\n<meta property=\"og:locale\" content=\"en_GB\" \/>\n<meta property=\"og:type\" content=\"article\" \/>\n<meta property=\"og:title\" content=\"Scopri la Mappa della Citt\u00e0 educante di Roma Capitale terza edizione - Direzione Generale Educazione, ricerca e istituti culturali\" \/>\n<meta property=\"og:description\" content=\"Luned\u00ec 11 novembre 2024, dalle ore 9 alle ore 13:30 presso l&#8217;Acquario Romano, sar\u00e0 presentata la Mappa della Citt\u00e0 educante giunta alla terza edizione. Un&#8217;iniziativa ...\" \/>\n<meta property=\"og:url\" content=\"https:\/\/dgeric.cultura.gov.it\/en\/scopri-la-mappa-della-citta-educante-di-roma-capitale-terza-edizione\/\" \/>\n<meta property=\"og:site_name\" content=\"Direzione Generale Educazione, ricerca e istituti culturali\" \/>\n<meta property=\"article:publisher\" content=\"https:\/\/www.facebook.com\/dger.web\" \/>\n<meta property=\"article:published_time\" content=\"2024-11-08T07:48:42+00:00\" \/>\n<meta property=\"article:modified_time\" content=\"2024-11-12T08:59:03+00:00\" \/>\n<meta property=\"og:image\" content=\"https:\/\/dgeric.cultura.gov.it\/wp-content\/uploads\/2024\/11\/mappacittaeducante20242025_d0.jpeg\" \/>\n\t<meta property=\"og:image:width\" content=\"661\" \/>\n\t<meta property=\"og:image:height\" content=\"441\" \/>\n\t<meta property=\"og:image:type\" content=\"image\/jpeg\" \/>\n<meta name=\"author\" content=\"admin\" \/>\n<meta name=\"twitter:card\" content=\"summary_large_image\" \/>\n<meta name=\"twitter:label1\" content=\"Written by\" \/>\n\t<meta name=\"twitter:data1\" content=\"admin\" \/>\n\t<meta name=\"twitter:label2\" content=\"Estimated reading time\" \/>\n\t<meta name=\"twitter:data2\" content=\"2 minutes\" \/>\n<script type=\"application\/ld+json\" class=\"yoast-schema-graph\">{\"@context\":\"https:\/\/schema.org\",\"@graph\":[{\"@type\":\"WebPage\",\"@id\":\"https:\/\/dgeric.cultura.gov.it\/scopri-la-mappa-della-citta-educante-di-roma-capitale-terza-edizione\/\",\"url\":\"https:\/\/dgeric.cultura.gov.it\/scopri-la-mappa-della-citta-educante-di-roma-capitale-terza-edizione\/\",\"name\":\"Scopri la Mappa della Citt\u00e0 educante di Roma Capitale terza edizione - Direzione Generale Educazione, ricerca e istituti culturali\",\"isPartOf\":{\"@id\":\"https:\/\/dgeric.cultura.gov.it\/#website\"},\"primaryImageOfPage\":{\"@id\":\"https:\/\/dgeric.cultura.gov.it\/scopri-la-mappa-della-citta-educante-di-roma-capitale-terza-edizione\/#primaryimage\"},\"image\":{\"@id\":\"https:\/\/dgeric.cultura.gov.it\/scopri-la-mappa-della-citta-educante-di-roma-capitale-terza-edizione\/#primaryimage\"},\"thumbnailUrl\":\"https:\/\/dgeric.cultura.gov.it\/wp-content\/uploads\/2024\/11\/mappacittaeducante20242025_d0.jpeg\",\"datePublished\":\"2024-11-08T07:48:42+00:00\",\"dateModified\":\"2024-11-12T08:59:03+00:00\",\"author\":{\"@id\":\"https:\/\/dgeric.cultura.gov.it\/#\/schema\/person\/3e34c1de5522b9b23d7191788dea88df\"},\"breadcrumb\":{\"@id\":\"https:\/\/dgeric.cultura.gov.it\/scopri-la-mappa-della-citta-educante-di-roma-capitale-terza-edizione\/#breadcrumb\"},\"inLanguage\":\"en-GB\",\"potentialAction\":[{\"@type\":\"ReadAction\",\"target\":[\"https:\/\/dgeric.cultura.gov.it\/scopri-la-mappa-della-citta-educante-di-roma-capitale-terza-edizione\/\"]}]},{\"@type\":\"ImageObject\",\"inLanguage\":\"en-GB\",\"@id\":\"https:\/\/dgeric.cultura.gov.it\/scopri-la-mappa-della-citta-educante-di-roma-capitale-terza-edizione\/#primaryimage\",\"url\":\"https:\/\/dgeric.cultura.gov.it\/wp-content\/uploads\/2024\/11\/mappacittaeducante20242025_d0.jpeg\",\"contentUrl\":\"https:\/\/dgeric.cultura.gov.it\/wp-content\/uploads\/2024\/11\/mappacittaeducante20242025_d0.jpeg\",\"width\":661,\"height\":441},{\"@type\":\"BreadcrumbList\",\"@id\":\"https:\/\/dgeric.cultura.gov.it\/scopri-la-mappa-della-citta-educante-di-roma-capitale-terza-edizione\/#breadcrumb\",\"itemListElement\":[{\"@type\":\"ListItem\",\"position\":1,\"name\":\"Home\",\"item\":\"https:\/\/dgeric.cultura.gov.it\/\"},{\"@type\":\"ListItem\",\"position\":2,\"name\":\"Scopri la Mappa della Citt\u00e0 educante di Roma Capitale terza edizione\"}]},{\"@type\":\"WebSite\",\"@id\":\"https:\/\/dgeric.cultura.gov.it\/#website\",\"url\":\"https:\/\/dgeric.cultura.gov.it\/\",\"name\":\"Direzione Generale Educazione, ricerca e istituti culturali\",\"description\":\"Il nuovo sito web della Direzione generale Educazione, ricerca e istituti culturali del Ministero della cultura\",\"alternateName\":\"dgeric\",\"potentialAction\":[{\"@type\":\"SearchAction\",\"target\":{\"@type\":\"EntryPoint\",\"urlTemplate\":\"https:\/\/dgeric.cultura.gov.it\/?s={search_term_string}\"},\"query-input\":\"required name=search_term_string\"}],\"inLanguage\":\"en-GB\"},{\"@type\":\"Person\",\"@id\":\"https:\/\/dgeric.cultura.gov.it\/#\/schema\/person\/3e34c1de5522b9b23d7191788dea88df\",\"name\":\"admin\",\"image\":{\"@type\":\"ImageObject\",\"inLanguage\":\"en-GB\",\"@id\":\"https:\/\/dgeric.cultura.gov.it\/#\/schema\/person\/image\/\",\"url\":\"https:\/\/secure.gravatar.com\/avatar\/73ce2d0d8c284cac6a168ef6fc4c913c1ecb8094b478747cc9378e8b01051435?s=96&d=mm&r=g\",\"contentUrl\":\"https:\/\/secure.gravatar.com\/avatar\/73ce2d0d8c284cac6a168ef6fc4c913c1ecb8094b478747cc9378e8b01051435?s=96&d=mm&r=g\",\"caption\":\"admin\"},\"sameAs\":[\"http:\/\/dgeric.cultura.gov.it\"],\"url\":\"https:\/\/dgeric.cultura.gov.it\/en\/author\/admin\/\"}]}<\/script>\n<!-- \/ Yoast SEO plugin. -->","yoast_head_json":{"title":"Scopri la Mappa della Citt\u00e0 educante di Roma Capitale terza edizione - Direzione Generale Educazione, ricerca e istituti culturali","robots":{"index":"index","follow":"follow","max-snippet":"max-snippet:-1","max-image-preview":"max-image-preview:large","max-video-preview":"max-video-preview:-1"},"canonical":"https:\/\/dgeric.cultura.gov.it\/en\/scopri-la-mappa-della-citta-educante-di-roma-capitale-terza-edizione\/","og_locale":"en_GB","og_type":"article","og_title":"Scopri la Mappa della Citt\u00e0 educante di Roma Capitale terza edizione - Direzione Generale Educazione, ricerca e istituti culturali","og_description":"Luned\u00ec 11 novembre 2024, dalle ore 9 alle ore 13:30 presso l&#8217;Acquario Romano, sar\u00e0 presentata la Mappa della Citt\u00e0 educante giunta alla terza edizione. Un&#8217;iniziativa ...","og_url":"https:\/\/dgeric.cultura.gov.it\/en\/scopri-la-mappa-della-citta-educante-di-roma-capitale-terza-edizione\/","og_site_name":"Direzione Generale Educazione, ricerca e istituti culturali","article_publisher":"https:\/\/www.facebook.com\/dger.web","article_published_time":"2024-11-08T07:48:42+00:00","article_modified_time":"2024-11-12T08:59:03+00:00","og_image":[{"width":661,"height":441,"url":"https:\/\/dgeric.cultura.gov.it\/wp-content\/uploads\/2024\/11\/mappacittaeducante20242025_d0.jpeg","type":"image\/jpeg"}],"author":"admin","twitter_card":"summary_large_image","twitter_misc":{"Written by":"admin","Estimated reading time":"2 minutes"},"schema":{"@context":"https:\/\/schema.org","@graph":[{"@type":"WebPage","@id":"https:\/\/dgeric.cultura.gov.it\/scopri-la-mappa-della-citta-educante-di-roma-capitale-terza-edizione\/","url":"https:\/\/dgeric.cultura.gov.it\/scopri-la-mappa-della-citta-educante-di-roma-capitale-terza-edizione\/","name":"Scopri la Mappa della Citt\u00e0 educante di Roma Capitale terza edizione - Direzione Generale Educazione, ricerca e istituti culturali","isPartOf":{"@id":"https:\/\/dgeric.cultura.gov.it\/#website"},"primaryImageOfPage":{"@id":"https:\/\/dgeric.cultura.gov.it\/scopri-la-mappa-della-citta-educante-di-roma-capitale-terza-edizione\/#primaryimage"},"image":{"@id":"https:\/\/dgeric.cultura.gov.it\/scopri-la-mappa-della-citta-educante-di-roma-capitale-terza-edizione\/#primaryimage"},"thumbnailUrl":"https:\/\/dgeric.cultura.gov.it\/wp-content\/uploads\/2024\/11\/mappacittaeducante20242025_d0.jpeg","datePublished":"2024-11-08T07:48:42+00:00","dateModified":"2024-11-12T08:59:03+00:00","author":{"@id":"https:\/\/dgeric.cultura.gov.it\/#\/schema\/person\/3e34c1de5522b9b23d7191788dea88df"},"breadcrumb":{"@id":"https:\/\/dgeric.cultura.gov.it\/scopri-la-mappa-della-citta-educante-di-roma-capitale-terza-edizione\/#breadcrumb"},"inLanguage":"en-GB","potentialAction":[{"@type":"ReadAction","target":["https:\/\/dgeric.cultura.gov.it\/scopri-la-mappa-della-citta-educante-di-roma-capitale-terza-edizione\/"]}]},{"@type":"ImageObject","inLanguage":"en-GB","@id":"https:\/\/dgeric.cultura.gov.it\/scopri-la-mappa-della-citta-educante-di-roma-capitale-terza-edizione\/#primaryimage","url":"https:\/\/dgeric.cultura.gov.it\/wp-content\/uploads\/2024\/11\/mappacittaeducante20242025_d0.jpeg","contentUrl":"https:\/\/dgeric.cultura.gov.it\/wp-content\/uploads\/2024\/11\/mappacittaeducante20242025_d0.jpeg","width":661,"height":441},{"@type":"BreadcrumbList","@id":"https:\/\/dgeric.cultura.gov.it\/scopri-la-mappa-della-citta-educante-di-roma-capitale-terza-edizione\/#breadcrumb","itemListElement":[{"@type":"ListItem","position":1,"name":"Home","item":"https:\/\/dgeric.cultura.gov.it\/"},{"@type":"ListItem","position":2,"name":"Scopri la Mappa della Citt\u00e0 educante di Roma Capitale terza edizione"}]},{"@type":"WebSite","@id":"https:\/\/dgeric.cultura.gov.it\/#website","url":"https:\/\/dgeric.cultura.gov.it\/","name":"Direzione Generale Educazione, ricerca e istituti culturali","description":"Il nuovo sito web della Direzione generale Educazione, ricerca e istituti culturali del Ministero della cultura","alternateName":"dgeric","potentialAction":[{"@type":"SearchAction","target":{"@type":"EntryPoint","urlTemplate":"https:\/\/dgeric.cultura.gov.it\/?s={search_term_string}"},"query-input":"required name=search_term_string"}],"inLanguage":"en-GB"},{"@type":"Person","@id":"https:\/\/dgeric.cultura.gov.it\/#\/schema\/person\/3e34c1de5522b9b23d7191788dea88df","name":"admin","image":{"@type":"ImageObject","inLanguage":"en-GB","@id":"https:\/\/dgeric.cultura.gov.it\/#\/schema\/person\/image\/","url":"https:\/\/secure.gravatar.com\/avatar\/73ce2d0d8c284cac6a168ef6fc4c913c1ecb8094b478747cc9378e8b01051435?s=96&d=mm&r=g","contentUrl":"https:\/\/secure.gravatar.com\/avatar\/73ce2d0d8c284cac6a168ef6fc4c913c1ecb8094b478747cc9378e8b01051435?s=96&d=mm&r=g","caption":"admin"},"sameAs":["http:\/\/dgeric.cultura.gov.it"],"url":"https:\/\/dgeric.cultura.gov.it\/en\/author\/admin\/"}]}},"_links":{"self":[{"href":"https:\/\/dgeric.cultura.gov.it\/en\/wp-json\/wp\/v2\/posts\/27261","targetHints":{"allow":["GET"]}}],"collection":[{"href":"https:\/\/dgeric.cultura.gov.it\/en\/wp-json\/wp\/v2\/posts"}],"about":[{"href":"https:\/\/dgeric.cultura.gov.it\/en\/wp-json\/wp\/v2\/types\/post"}],"author":[{"embeddable":true,"href":"https:\/\/dgeric.cultura.gov.it\/en\/wp-json\/wp\/v2\/users\/1"}],"replies":[{"embeddable":true,"href":"https:\/\/dgeric.cultura.gov.it\/en\/wp-json\/wp\/v2\/comments?post=27261"}],"version-history":[{"count":7,"href":"https:\/\/dgeric.cultura.gov.it\/en\/wp-json\/wp\/v2\/posts\/27261\/revisions"}],"predecessor-version":[{"id":27275,"href":"https:\/\/dgeric.cultura.gov.it\/en\/wp-json\/wp\/v2\/posts\/27261\/revisions\/27275"}],"wp:featuredmedia":[{"embeddable":true,"href":"https:\/\/dgeric.cultura.gov.it\/en\/wp-json\/wp\/v2\/media\/27276"}],"wp:attachment":[{"href":"https:\/\/dgeric.cultura.gov.it\/en\/wp-json\/wp\/v2\/media?parent=27261"}],"wp:term":[{"taxonomy":"category","embeddable":true,"href":"https:\/\/dgeric.cultura.gov.it\/en\/wp-json\/wp\/v2\/categories?post=27261"},{"taxonomy":"post_tag","embeddable":true,"href":"https:\/\/dgeric.cultura.gov.it\/en\/wp-json\/wp\/v2\/tags?post=27261"}],"curies":[{"name":"wp","href":"https:\/\/api.w.org\/{rel}","templated":true}]}}