{"id":27550,"date":"2024-12-13T15:11:51","date_gmt":"2024-12-13T14:11:51","guid":{"rendered":"https:\/\/dgeric.cultura.gov.it\/?p=27550"},"modified":"2024-12-20T13:36:46","modified_gmt":"2024-12-20T12:36:46","slug":"130-anni-di-cinema-in-mostra-a-palazzo-de-marchis","status":"publish","type":"post","link":"https:\/\/dgeric.cultura.gov.it\/en\/130-anni-di-cinema-in-mostra-a-palazzo-de-marchis\/","title":{"rendered":"130 years of cinema on exhibition at Palazzo De Marchis in L'Aquila"},"content":{"rendered":"<p class=\" translation-block\">In 2025 we will celebrate 130 years since the birth of cinema and the L'Aquila Film Institute \"La Lanterna Magica\" proposes the exhibition <strong>\"130 Years of Cinema\"<\/strong> in L'Aquila, in the ground floor rooms of Palazzo De Marchis, Via Indipendenza 11, <strong>on Monday 16 December from 16.00<\/strong>.<\/p>\n<p>December 28, 1895 is the date that marks the birth of cinema. That day, in Paris, the Lumi\u00e8re brothers, in the \"Salon Indien\" of the Grand Caf\u00e9 on Boulevard des Capucines, presented the first public screening of their film \"La sortie des usines\".<\/p>\n<p class=\" translation-block\">For this historical anniversary,  <strong>the Film Archive Center of \"La Lanterna Magica\"<\/strong> unveils some precious finds from its collections, including  <strong>a series of original figurines for the costumes<\/strong> of some films that have marked the history of Italian and international cinema.<\/p>\n<p class=\" translation-block\">In addition, the Film Institute pays <strong>tribute to Sandra Milo<\/strong>, one of the most popular divas of Italian cinema, with a showreel that recounts the highlights of her career, made timeless by the meeting with Federico Fellini, thanks also to the contribution of the Carispaq Foundation.<\/p>\n<p class=\" translation-block\">It will also be possible to see the first film in history, <strong>\"La sortie des usines\"<\/strong>, lasting 49 seconds and, <strong>\"Le Dirigeable Fantastique\"<\/strong> of 1906 by George M\u00e9li\u00e8s, the inventor of special effects, lasting 2 minutes and 43 seconds. An animated video by Tomek Bagi\u0144ski will then tell the magic of cinema: <strong>\"The Kinematograph\"<\/strong>, selected for an Oscar nomination for best animated short film.<\/p>\n<p class=\" translation-block\">The exhibition <strong>\"130 Years of Cinema\" will be open until 15 January 2025, every day, with free admission, from 10:00 to 12:30 and from 16:00 to 19:30<\/strong>, except 25 and 31 December and 1, 2 and 5 January 2025.<\/p>\n<p class=\" translation-block\">The <strong>L'Aquila Film Institute \"La Lanterna Magica\"<\/strong> is among the institutions that benefits from the state contribution for the three-year period 2024 - 2026, granted for the cultural relevance of the activities carried out.<\/p>","protected":false},"excerpt":{"rendered":"<p>Nel 2025 si festeggeranno 130 anni dalla nascita del cinema e l\u2019Istituto Cinematografico dell\u2019Aquila \u201cLa Lanterna Magica\u201d propone la mostra \u201c130 Anni di Cinema\u201d a &#8230; <\/p>","protected":false},"author":1,"featured_media":27553,"comment_status":"closed","ping_status":"closed","sticky":false,"template":"","format":"standard","meta":{"footnotes":""},"categories":[14,189],"tags":[],"class_list":["post-27550","post","type-post","status-publish","format-standard","has-post-thumbnail","hentry","category-eventi","category-tutti-articoli"],"acf":[],"yoast_head":"<!-- This site is optimized with the Yoast SEO plugin v23.3 - https:\/\/yoast.com\/wordpress\/plugins\/seo\/ -->\n<title>130 anni di cinema in mostra a Palazzo De Marchis a L&#039;Aquila - Direzione Generale Educazione, ricerca e istituti culturali<\/title>\n<meta name=\"robots\" content=\"index, follow, max-snippet:-1, max-image-preview:large, max-video-preview:-1\" \/>\n<link rel=\"canonical\" href=\"https:\/\/dgeric.cultura.gov.it\/en\/130-anni-di-cinema-in-mostra-a-palazzo-de-marchis\/\" \/>\n<meta property=\"og:locale\" content=\"en_GB\" \/>\n<meta property=\"og:type\" content=\"article\" \/>\n<meta property=\"og:title\" content=\"130 anni di cinema in mostra a Palazzo De Marchis a L&#039;Aquila - Direzione Generale Educazione, ricerca e istituti culturali\" \/>\n<meta property=\"og:description\" content=\"Nel 2025 si festeggeranno 130 anni dalla nascita del cinema e l\u2019Istituto Cinematografico dell\u2019Aquila \u201cLa Lanterna Magica\u201d propone la mostra \u201c130 Anni di Cinema\u201d a ...\" \/>\n<meta property=\"og:url\" content=\"https:\/\/dgeric.cultura.gov.it\/en\/130-anni-di-cinema-in-mostra-a-palazzo-de-marchis\/\" \/>\n<meta property=\"og:site_name\" content=\"Direzione Generale Educazione, ricerca e istituti culturali\" \/>\n<meta property=\"article:publisher\" content=\"https:\/\/www.facebook.com\/dger.web\" \/>\n<meta property=\"article:published_time\" content=\"2024-12-13T14:11:51+00:00\" \/>\n<meta property=\"article:modified_time\" content=\"2024-12-20T12:36:46+00:00\" \/>\n<meta property=\"og:image\" content=\"https:\/\/dgeric.cultura.gov.it\/wp-content\/uploads\/2024\/12\/130anni_Locandina_Apertura-1-400x558-1.jpg\" \/>\n\t<meta property=\"og:image:width\" content=\"400\" \/>\n\t<meta property=\"og:image:height\" content=\"558\" \/>\n\t<meta property=\"og:image:type\" content=\"image\/jpeg\" \/>\n<meta name=\"author\" content=\"admin\" \/>\n<meta name=\"twitter:card\" content=\"summary_large_image\" \/>\n<meta name=\"twitter:label1\" content=\"Written by\" \/>\n\t<meta name=\"twitter:data1\" content=\"admin\" \/>\n\t<meta name=\"twitter:label2\" content=\"Estimated reading time\" \/>\n\t<meta name=\"twitter:data2\" content=\"2 minutes\" \/>\n<script type=\"application\/ld+json\" class=\"yoast-schema-graph\">{\"@context\":\"https:\/\/schema.org\",\"@graph\":[{\"@type\":\"WebPage\",\"@id\":\"https:\/\/dgeric.cultura.gov.it\/130-anni-di-cinema-in-mostra-a-palazzo-de-marchis\/\",\"url\":\"https:\/\/dgeric.cultura.gov.it\/130-anni-di-cinema-in-mostra-a-palazzo-de-marchis\/\",\"name\":\"130 anni di cinema in mostra a Palazzo De Marchis a L'Aquila - Direzione Generale Educazione, ricerca e istituti culturali\",\"isPartOf\":{\"@id\":\"https:\/\/dgeric.cultura.gov.it\/#website\"},\"primaryImageOfPage\":{\"@id\":\"https:\/\/dgeric.cultura.gov.it\/130-anni-di-cinema-in-mostra-a-palazzo-de-marchis\/#primaryimage\"},\"image\":{\"@id\":\"https:\/\/dgeric.cultura.gov.it\/130-anni-di-cinema-in-mostra-a-palazzo-de-marchis\/#primaryimage\"},\"thumbnailUrl\":\"https:\/\/dgeric.cultura.gov.it\/wp-content\/uploads\/2024\/12\/130anni_Locandina_Apertura-1-400x558-1.jpg\",\"datePublished\":\"2024-12-13T14:11:51+00:00\",\"dateModified\":\"2024-12-20T12:36:46+00:00\",\"author\":{\"@id\":\"https:\/\/dgeric.cultura.gov.it\/#\/schema\/person\/3e34c1de5522b9b23d7191788dea88df\"},\"breadcrumb\":{\"@id\":\"https:\/\/dgeric.cultura.gov.it\/130-anni-di-cinema-in-mostra-a-palazzo-de-marchis\/#breadcrumb\"},\"inLanguage\":\"en-GB\",\"potentialAction\":[{\"@type\":\"ReadAction\",\"target\":[\"https:\/\/dgeric.cultura.gov.it\/130-anni-di-cinema-in-mostra-a-palazzo-de-marchis\/\"]}]},{\"@type\":\"ImageObject\",\"inLanguage\":\"en-GB\",\"@id\":\"https:\/\/dgeric.cultura.gov.it\/130-anni-di-cinema-in-mostra-a-palazzo-de-marchis\/#primaryimage\",\"url\":\"https:\/\/dgeric.cultura.gov.it\/wp-content\/uploads\/2024\/12\/130anni_Locandina_Apertura-1-400x558-1.jpg\",\"contentUrl\":\"https:\/\/dgeric.cultura.gov.it\/wp-content\/uploads\/2024\/12\/130anni_Locandina_Apertura-1-400x558-1.jpg\",\"width\":400,\"height\":558},{\"@type\":\"BreadcrumbList\",\"@id\":\"https:\/\/dgeric.cultura.gov.it\/130-anni-di-cinema-in-mostra-a-palazzo-de-marchis\/#breadcrumb\",\"itemListElement\":[{\"@type\":\"ListItem\",\"position\":1,\"name\":\"Home\",\"item\":\"https:\/\/dgeric.cultura.gov.it\/\"},{\"@type\":\"ListItem\",\"position\":2,\"name\":\"130 anni di cinema in mostra a Palazzo De Marchis a L&#8217;Aquila\"}]},{\"@type\":\"WebSite\",\"@id\":\"https:\/\/dgeric.cultura.gov.it\/#website\",\"url\":\"https:\/\/dgeric.cultura.gov.it\/\",\"name\":\"Direzione Generale Educazione, ricerca e istituti culturali\",\"description\":\"Il nuovo sito web della Direzione generale Educazione, ricerca e istituti culturali del Ministero della cultura\",\"alternateName\":\"dgeric\",\"potentialAction\":[{\"@type\":\"SearchAction\",\"target\":{\"@type\":\"EntryPoint\",\"urlTemplate\":\"https:\/\/dgeric.cultura.gov.it\/?s={search_term_string}\"},\"query-input\":\"required name=search_term_string\"}],\"inLanguage\":\"en-GB\"},{\"@type\":\"Person\",\"@id\":\"https:\/\/dgeric.cultura.gov.it\/#\/schema\/person\/3e34c1de5522b9b23d7191788dea88df\",\"name\":\"admin\",\"image\":{\"@type\":\"ImageObject\",\"inLanguage\":\"en-GB\",\"@id\":\"https:\/\/dgeric.cultura.gov.it\/#\/schema\/person\/image\/\",\"url\":\"https:\/\/secure.gravatar.com\/avatar\/73ce2d0d8c284cac6a168ef6fc4c913c1ecb8094b478747cc9378e8b01051435?s=96&d=mm&r=g\",\"contentUrl\":\"https:\/\/secure.gravatar.com\/avatar\/73ce2d0d8c284cac6a168ef6fc4c913c1ecb8094b478747cc9378e8b01051435?s=96&d=mm&r=g\",\"caption\":\"admin\"},\"sameAs\":[\"http:\/\/dgeric.cultura.gov.it\"],\"url\":\"https:\/\/dgeric.cultura.gov.it\/en\/author\/admin\/\"}]}<\/script>\n<!-- \/ Yoast SEO plugin. -->","yoast_head_json":{"title":"130 anni di cinema in mostra a Palazzo De Marchis a L'Aquila - Direzione Generale Educazione, ricerca e istituti culturali","robots":{"index":"index","follow":"follow","max-snippet":"max-snippet:-1","max-image-preview":"max-image-preview:large","max-video-preview":"max-video-preview:-1"},"canonical":"https:\/\/dgeric.cultura.gov.it\/en\/130-anni-di-cinema-in-mostra-a-palazzo-de-marchis\/","og_locale":"en_GB","og_type":"article","og_title":"130 anni di cinema in mostra a Palazzo De Marchis a L'Aquila - Direzione Generale Educazione, ricerca e istituti culturali","og_description":"Nel 2025 si festeggeranno 130 anni dalla nascita del cinema e l\u2019Istituto Cinematografico dell\u2019Aquila \u201cLa Lanterna Magica\u201d propone la mostra \u201c130 Anni di Cinema\u201d a ...","og_url":"https:\/\/dgeric.cultura.gov.it\/en\/130-anni-di-cinema-in-mostra-a-palazzo-de-marchis\/","og_site_name":"Direzione Generale Educazione, ricerca e istituti culturali","article_publisher":"https:\/\/www.facebook.com\/dger.web","article_published_time":"2024-12-13T14:11:51+00:00","article_modified_time":"2024-12-20T12:36:46+00:00","og_image":[{"width":400,"height":558,"url":"https:\/\/dgeric.cultura.gov.it\/wp-content\/uploads\/2024\/12\/130anni_Locandina_Apertura-1-400x558-1.jpg","type":"image\/jpeg"}],"author":"admin","twitter_card":"summary_large_image","twitter_misc":{"Written by":"admin","Estimated reading time":"2 minutes"},"schema":{"@context":"https:\/\/schema.org","@graph":[{"@type":"WebPage","@id":"https:\/\/dgeric.cultura.gov.it\/130-anni-di-cinema-in-mostra-a-palazzo-de-marchis\/","url":"https:\/\/dgeric.cultura.gov.it\/130-anni-di-cinema-in-mostra-a-palazzo-de-marchis\/","name":"130 anni di cinema in mostra a Palazzo De Marchis a L'Aquila - Direzione Generale Educazione, ricerca e istituti culturali","isPartOf":{"@id":"https:\/\/dgeric.cultura.gov.it\/#website"},"primaryImageOfPage":{"@id":"https:\/\/dgeric.cultura.gov.it\/130-anni-di-cinema-in-mostra-a-palazzo-de-marchis\/#primaryimage"},"image":{"@id":"https:\/\/dgeric.cultura.gov.it\/130-anni-di-cinema-in-mostra-a-palazzo-de-marchis\/#primaryimage"},"thumbnailUrl":"https:\/\/dgeric.cultura.gov.it\/wp-content\/uploads\/2024\/12\/130anni_Locandina_Apertura-1-400x558-1.jpg","datePublished":"2024-12-13T14:11:51+00:00","dateModified":"2024-12-20T12:36:46+00:00","author":{"@id":"https:\/\/dgeric.cultura.gov.it\/#\/schema\/person\/3e34c1de5522b9b23d7191788dea88df"},"breadcrumb":{"@id":"https:\/\/dgeric.cultura.gov.it\/130-anni-di-cinema-in-mostra-a-palazzo-de-marchis\/#breadcrumb"},"inLanguage":"en-GB","potentialAction":[{"@type":"ReadAction","target":["https:\/\/dgeric.cultura.gov.it\/130-anni-di-cinema-in-mostra-a-palazzo-de-marchis\/"]}]},{"@type":"ImageObject","inLanguage":"en-GB","@id":"https:\/\/dgeric.cultura.gov.it\/130-anni-di-cinema-in-mostra-a-palazzo-de-marchis\/#primaryimage","url":"https:\/\/dgeric.cultura.gov.it\/wp-content\/uploads\/2024\/12\/130anni_Locandina_Apertura-1-400x558-1.jpg","contentUrl":"https:\/\/dgeric.cultura.gov.it\/wp-content\/uploads\/2024\/12\/130anni_Locandina_Apertura-1-400x558-1.jpg","width":400,"height":558},{"@type":"BreadcrumbList","@id":"https:\/\/dgeric.cultura.gov.it\/130-anni-di-cinema-in-mostra-a-palazzo-de-marchis\/#breadcrumb","itemListElement":[{"@type":"ListItem","position":1,"name":"Home","item":"https:\/\/dgeric.cultura.gov.it\/"},{"@type":"ListItem","position":2,"name":"130 anni di cinema in mostra a Palazzo De Marchis a L&#8217;Aquila"}]},{"@type":"WebSite","@id":"https:\/\/dgeric.cultura.gov.it\/#website","url":"https:\/\/dgeric.cultura.gov.it\/","name":"Direzione Generale Educazione, ricerca e istituti culturali","description":"Il nuovo sito web della Direzione generale Educazione, ricerca e istituti culturali del Ministero della cultura","alternateName":"dgeric","potentialAction":[{"@type":"SearchAction","target":{"@type":"EntryPoint","urlTemplate":"https:\/\/dgeric.cultura.gov.it\/?s={search_term_string}"},"query-input":"required name=search_term_string"}],"inLanguage":"en-GB"},{"@type":"Person","@id":"https:\/\/dgeric.cultura.gov.it\/#\/schema\/person\/3e34c1de5522b9b23d7191788dea88df","name":"admin","image":{"@type":"ImageObject","inLanguage":"en-GB","@id":"https:\/\/dgeric.cultura.gov.it\/#\/schema\/person\/image\/","url":"https:\/\/secure.gravatar.com\/avatar\/73ce2d0d8c284cac6a168ef6fc4c913c1ecb8094b478747cc9378e8b01051435?s=96&d=mm&r=g","contentUrl":"https:\/\/secure.gravatar.com\/avatar\/73ce2d0d8c284cac6a168ef6fc4c913c1ecb8094b478747cc9378e8b01051435?s=96&d=mm&r=g","caption":"admin"},"sameAs":["http:\/\/dgeric.cultura.gov.it"],"url":"https:\/\/dgeric.cultura.gov.it\/en\/author\/admin\/"}]}},"_links":{"self":[{"href":"https:\/\/dgeric.cultura.gov.it\/en\/wp-json\/wp\/v2\/posts\/27550","targetHints":{"allow":["GET"]}}],"collection":[{"href":"https:\/\/dgeric.cultura.gov.it\/en\/wp-json\/wp\/v2\/posts"}],"about":[{"href":"https:\/\/dgeric.cultura.gov.it\/en\/wp-json\/wp\/v2\/types\/post"}],"author":[{"embeddable":true,"href":"https:\/\/dgeric.cultura.gov.it\/en\/wp-json\/wp\/v2\/users\/1"}],"replies":[{"embeddable":true,"href":"https:\/\/dgeric.cultura.gov.it\/en\/wp-json\/wp\/v2\/comments?post=27550"}],"version-history":[{"count":6,"href":"https:\/\/dgeric.cultura.gov.it\/en\/wp-json\/wp\/v2\/posts\/27550\/revisions"}],"predecessor-version":[{"id":27559,"href":"https:\/\/dgeric.cultura.gov.it\/en\/wp-json\/wp\/v2\/posts\/27550\/revisions\/27559"}],"wp:featuredmedia":[{"embeddable":true,"href":"https:\/\/dgeric.cultura.gov.it\/en\/wp-json\/wp\/v2\/media\/27553"}],"wp:attachment":[{"href":"https:\/\/dgeric.cultura.gov.it\/en\/wp-json\/wp\/v2\/media?parent=27550"}],"wp:term":[{"taxonomy":"category","embeddable":true,"href":"https:\/\/dgeric.cultura.gov.it\/en\/wp-json\/wp\/v2\/categories?post=27550"},{"taxonomy":"post_tag","embeddable":true,"href":"https:\/\/dgeric.cultura.gov.it\/en\/wp-json\/wp\/v2\/tags?post=27550"}],"curies":[{"name":"wp","href":"https:\/\/api.w.org\/{rel}","templated":true}]}}