{"id":3071,"date":"2020-04-17T11:40:41","date_gmt":"2020-04-17T09:40:41","guid":{"rendered":"http:\/\/dger.beniculturali.it\/?p=3071"},"modified":"2022-12-21T18:27:16","modified_gmt":"2022-12-21T17:27:16","slug":"circolare-7-2020-modalita-di-fruizione-moduli-formativi","status":"publish","type":"post","link":"https:\/\/dgeric.cultura.gov.it\/en\/circolare-7-2020-modalita-di-fruizione-moduli-formativi\/","title":{"rendered":"Circular 7\/2020: methods of using training modules. Further instructions."},"content":{"rendered":"<p><!--more-->I moduli formativi proposti dalla <strong>circolare n.7\/2020<\/strong> per il personale MiBACT saranno disponibili in modalit\u00e0 sincrona (fruizione in diretta) per un totale di <strong>200 partecipanti <\/strong>(i posti sono stati aumentati rispetto ai 100 previsti)<strong>,<\/strong> che riceveranno una <strong>email sulla propria casella di posta istituzionale da parte della Fondazione Scuola dei beni e delle attivit\u00e0 culturali<\/strong> con le informazioni per la fruizione. La Fondazione sta procedendo gradualmente all&#8217;invio delle email; per il corso che avr\u00e0 inizio oggi (modulo &#8220;Comunicazione e mediazione&#8221;) sono gi\u00e0 state inoltrate tutte le mail. Si prega di scrivere alla Fondazione esclusivamente per questione di ordine tecnico-funzionale in merito ai corsi per i quali si \u00e8 ricevuta la conferma di iscrizione.<\/p>\n<h4><\/h4>\n<h4><strong>Istruzioni per i 200 ammessi alla sessione in diretta dei corsi proposti dalla circolare n. 7\/2020<\/strong><\/h4>\n<p>I moduli formativi saranno fruibili sulla piattaforma di e-learning della Fondazione, accessibile dal sito <a href=\"https:\/\/fad.fondazionescuolapatrimonio.it\/\">https:\/\/fad.fondazionescuolapatrimonio.it\/<\/a>. Gli iscritti potranno accedere utilizzando come <strong>nome utente il proprio\u00a0codice fiscale\u00a0<\/strong>e come <strong>password quella ricevuta via e-mail nella propria casella di posta istituzionale da parte della Fondazione Scuola dei beni e delle attivit\u00e0 culturali<\/strong>, da personalizzare al primo accesso.<\/p>\n<p><strong>Prima di collegarsi all&#8217;evento \u00e8:<\/strong><\/p>\n<ul>\n<li><strong>necessario<\/strong> installare l\u2019applicazione <strong>Adobe Connect<\/strong>, scaricabile a questi indirizzi:\n<ul>\n<li>per pc Windows (<a href=\"http:\/\/www.adobe.com\/go\/Connectsetup\">link<\/a>)<\/li>\n<li>per Mac (<a href=\"http:\/\/www.adobe.com\/go\/ConnectSetupMac\">link<\/a>)<\/li>\n<li>per smartphone iOS (<a href=\"https:\/\/apps.apple.com\/us\/app\/adobe-connect\/id430437503\">link<\/a>)<\/li>\n<li>per smartphone Android (<a href=\"https:\/\/play.google.com\/store\/apps\/details?id=air.com.adobe.connectpro\">link<\/a>)<\/li>\n<\/ul>\n<\/li>\n<li><strong>consigliato <\/strong>testare la propria connessione (<a href=\"https:\/\/afwebinar.adobeconnect.com\/common\/help\/en\/support\/meeting_test.htm\">link<\/a>)<\/li>\n<\/ul>\n<p><strong>Il collegamento<\/strong><\/p>\n<p>\u00c8 possibile collegarsi all&#8217;evento a partire dalle ore 15:45 (15 minuti prima dell&#8217;inizio effettivo).<br \/>\nPer accedere si dovr\u00e0:<\/p>\n<ol>\n<li>accedere alla sezione <strong>I miei corsi<\/strong><\/li>\n<li>cliccare sulla scheda del webinar e poi sul tasto <strong>VAI AL CORSO<\/strong><\/li>\n<li>nella scheda successiva, cliccare sull&#8217;<strong>icona<\/strong> with <strong>3 omini<\/strong><\/li>\n<li>nella scheda successiva cliccare sul <strong>tasto di accesso<\/strong> alla sessione in programma (il tasto compare 15 minuti prima l&#8217;inizio dell&#8217;evento).<\/li>\n<\/ol>\n<p>Una volta effettuato l&#8217;accesso, l&#8217;utente si trover\u00e0 in una sala d&#8217;attesa e sulla bacheca gli saranno fornite alcune indicazioni utili.<br \/>\nE&#8217; consigliabile approfittare di questo momento per verificare se le <strong>impostazioni audio<\/strong> sono configurate correttamente, andando sull&#8217;<strong>icona <\/strong>of the<strong>altoparlante<\/strong> o sul menu <strong>Riunione <\/strong>in alto a sinistra.<br \/>\nSuggeriamo di dotarsi di cuffie. Il microfono, invece, non \u00e8 necessario.<\/p>\n<p>Si ricorda che per quanti non abbiano modo, per motivi personali, lavorativi o tecnici, di seguire\u00a0 i webinar in diretta, \u00e8 prevista la possibilit\u00e0 di effettuare i necessari recuperi nel periodo indicato nella circolare di riferimento.<\/p>\n<p>&nbsp;<\/p>\n<h4><strong>Precisazioni per coloro che, pur essendo autorizzati dai propri dirigenti, non rientrano nei 200 iscritti\u00a0alla sessione di formazione in diretta dei corsi proposti dalla circolare n. 7\/2020<\/strong><\/h4>\n<p>Chi non ricever\u00e0 la mail della Fondazione Scuola dei beni e delle attivit\u00e0 culturali per l&#8217;accesso alla piattaforma, ma \u00e8 stato autorizzato dal proprio dirigente all&#8217;interno del Portale dei corsi, potr\u00e0 seguire il corso in modalit\u00e0 asincrona nelle date che verranno comunicate con successiva circolare, senza procedere ad una nuova iscrizione.<\/p>\n<p>Si ricorda che \u00e8 possibile verificare se il dirigente ha autorizzato l&#8217;iscrizione al corso accedendo al portale dei corsi con le proprie credenziali, selezionando il codice richiesta relativo al corso e controllando se, nei &#8220;Documenti lavorazione pratica&#8221;, \u00e8 effettivamente presente il documento di autorizzazione.<\/p>","protected":false},"excerpt":{"rendered":"","protected":false},"author":1,"featured_media":2968,"comment_status":"closed","ping_status":"closed","sticky":false,"template":"","format":"standard","meta":{"footnotes":""},"categories":[15,189],"tags":[],"class_list":["post-3071","post","type-post","status-publish","format-standard","has-post-thumbnail","hentry","category-formazione","category-tutti-articoli"],"acf":[],"yoast_head":"<!-- This site is optimized with the Yoast SEO plugin v23.3 - https:\/\/yoast.com\/wordpress\/plugins\/seo\/ -->\n<title>Circolare 7\/2020: modalit\u00e0 di fruizione moduli formativi. Ulteriori istruzioni.<\/title>\n<meta name=\"description\" content=\"Precisazioni, istruzioni e indicazioni sulla fruizione dei moduli formativi relativi ai corsi pubblicati con circolare DGER n. 7\/2020\" \/>\n<meta name=\"robots\" content=\"index, follow, max-snippet:-1, max-image-preview:large, max-video-preview:-1\" \/>\n<link rel=\"canonical\" href=\"https:\/\/dgeric.cultura.gov.it\/en\/circolare-7-2020-modalita-di-fruizione-moduli-formativi\/\" \/>\n<meta property=\"og:locale\" content=\"en_GB\" \/>\n<meta property=\"og:type\" content=\"article\" \/>\n<meta property=\"og:title\" content=\"Circolare 7\/2020: modalit\u00e0 di fruizione moduli formativi. Ulteriori istruzioni.\" \/>\n<meta property=\"og:description\" content=\"Precisazioni, istruzioni e indicazioni sulla fruizione dei moduli formativi relativi ai corsi pubblicati con circolare DGER n. 7\/2020\" \/>\n<meta property=\"og:url\" content=\"https:\/\/dgeric.cultura.gov.it\/en\/circolare-7-2020-modalita-di-fruizione-moduli-formativi\/\" \/>\n<meta property=\"og:site_name\" content=\"Direzione Generale Educazione, ricerca e istituti culturali\" \/>\n<meta property=\"article:publisher\" content=\"https:\/\/www.facebook.com\/dger.web\" \/>\n<meta property=\"article:published_time\" content=\"2020-04-17T09:40:41+00:00\" \/>\n<meta property=\"article:modified_time\" content=\"2022-12-21T17:27:16+00:00\" \/>\n<meta property=\"og:image\" content=\"https:\/\/dgeric.cultura.gov.it\/wp-content\/uploads\/2020\/04\/formazionecontinua.jpg\" \/>\n\t<meta property=\"og:image:width\" content=\"360\" \/>\n\t<meta property=\"og:image:height\" content=\"273\" \/>\n\t<meta property=\"og:image:type\" content=\"image\/jpeg\" \/>\n<meta name=\"author\" content=\"admin\" \/>\n<meta name=\"twitter:card\" content=\"summary_large_image\" \/>\n<meta name=\"twitter:label1\" content=\"Written by\" \/>\n\t<meta name=\"twitter:data1\" content=\"admin\" \/>\n\t<meta name=\"twitter:label2\" content=\"Estimated reading time\" \/>\n\t<meta name=\"twitter:data2\" content=\"2 minutes\" \/>\n<script type=\"application\/ld+json\" class=\"yoast-schema-graph\">{\"@context\":\"https:\/\/schema.org\",\"@graph\":[{\"@type\":\"WebPage\",\"@id\":\"https:\/\/dgeric.cultura.gov.it\/circolare-7-2020-modalita-di-fruizione-moduli-formativi\/\",\"url\":\"https:\/\/dgeric.cultura.gov.it\/circolare-7-2020-modalita-di-fruizione-moduli-formativi\/\",\"name\":\"Circolare 7\/2020: modalit\u00e0 di fruizione moduli formativi. Ulteriori istruzioni.\",\"isPartOf\":{\"@id\":\"https:\/\/dgeric.cultura.gov.it\/#website\"},\"primaryImageOfPage\":{\"@id\":\"https:\/\/dgeric.cultura.gov.it\/circolare-7-2020-modalita-di-fruizione-moduli-formativi\/#primaryimage\"},\"image\":{\"@id\":\"https:\/\/dgeric.cultura.gov.it\/circolare-7-2020-modalita-di-fruizione-moduli-formativi\/#primaryimage\"},\"thumbnailUrl\":\"https:\/\/dgeric.cultura.gov.it\/wp-content\/uploads\/2020\/04\/formazionecontinua.jpg\",\"datePublished\":\"2020-04-17T09:40:41+00:00\",\"dateModified\":\"2022-12-21T17:27:16+00:00\",\"author\":{\"@id\":\"https:\/\/dgeric.cultura.gov.it\/#\/schema\/person\/3e34c1de5522b9b23d7191788dea88df\"},\"description\":\"Precisazioni, istruzioni e indicazioni sulla fruizione dei moduli formativi relativi ai corsi pubblicati con circolare DGER n. 7\/2020\",\"breadcrumb\":{\"@id\":\"https:\/\/dgeric.cultura.gov.it\/circolare-7-2020-modalita-di-fruizione-moduli-formativi\/#breadcrumb\"},\"inLanguage\":\"en-GB\",\"potentialAction\":[{\"@type\":\"ReadAction\",\"target\":[\"https:\/\/dgeric.cultura.gov.it\/circolare-7-2020-modalita-di-fruizione-moduli-formativi\/\"]}]},{\"@type\":\"ImageObject\",\"inLanguage\":\"en-GB\",\"@id\":\"https:\/\/dgeric.cultura.gov.it\/circolare-7-2020-modalita-di-fruizione-moduli-formativi\/#primaryimage\",\"url\":\"https:\/\/dgeric.cultura.gov.it\/wp-content\/uploads\/2020\/04\/formazionecontinua.jpg\",\"contentUrl\":\"https:\/\/dgeric.cultura.gov.it\/wp-content\/uploads\/2020\/04\/formazionecontinua.jpg\",\"width\":360,\"height\":273,\"caption\":\"Saffo da Pompei, VI Insula Occidentalis, affresco 55 \u2013 79 d.C. su concessione del Ministero per i Beni e le Attivit\u00e0 Culturali e per il Turismo, Museo Archeologico Nazionale di Napoli foto di Giorgio Albano\"},{\"@type\":\"BreadcrumbList\",\"@id\":\"https:\/\/dgeric.cultura.gov.it\/circolare-7-2020-modalita-di-fruizione-moduli-formativi\/#breadcrumb\",\"itemListElement\":[{\"@type\":\"ListItem\",\"position\":1,\"name\":\"Home\",\"item\":\"https:\/\/dgeric.cultura.gov.it\/\"},{\"@type\":\"ListItem\",\"position\":2,\"name\":\"Circolare 7\/2020: modalit\u00e0 di fruizione moduli formativi. Ulteriori istruzioni.\"}]},{\"@type\":\"WebSite\",\"@id\":\"https:\/\/dgeric.cultura.gov.it\/#website\",\"url\":\"https:\/\/dgeric.cultura.gov.it\/\",\"name\":\"Direzione Generale Educazione, ricerca e istituti culturali\",\"description\":\"Il nuovo sito web della Direzione generale Educazione, ricerca e istituti culturali del Ministero della cultura\",\"alternateName\":\"dgeric\",\"potentialAction\":[{\"@type\":\"SearchAction\",\"target\":{\"@type\":\"EntryPoint\",\"urlTemplate\":\"https:\/\/dgeric.cultura.gov.it\/?s={search_term_string}\"},\"query-input\":\"required name=search_term_string\"}],\"inLanguage\":\"en-GB\"},{\"@type\":\"Person\",\"@id\":\"https:\/\/dgeric.cultura.gov.it\/#\/schema\/person\/3e34c1de5522b9b23d7191788dea88df\",\"name\":\"admin\",\"image\":{\"@type\":\"ImageObject\",\"inLanguage\":\"en-GB\",\"@id\":\"https:\/\/dgeric.cultura.gov.it\/#\/schema\/person\/image\/\",\"url\":\"https:\/\/secure.gravatar.com\/avatar\/73ce2d0d8c284cac6a168ef6fc4c913c1ecb8094b478747cc9378e8b01051435?s=96&d=mm&r=g\",\"contentUrl\":\"https:\/\/secure.gravatar.com\/avatar\/73ce2d0d8c284cac6a168ef6fc4c913c1ecb8094b478747cc9378e8b01051435?s=96&d=mm&r=g\",\"caption\":\"admin\"},\"sameAs\":[\"http:\/\/dgeric.cultura.gov.it\"],\"url\":\"https:\/\/dgeric.cultura.gov.it\/en\/author\/admin\/\"}]}<\/script>\n<!-- \/ Yoast SEO plugin. -->","yoast_head_json":{"title":"Circolare 7\/2020: modalit\u00e0 di fruizione moduli formativi. Ulteriori istruzioni.","description":"Precisazioni, istruzioni e indicazioni sulla fruizione dei moduli formativi relativi ai corsi pubblicati con circolare DGER n. 7\/2020","robots":{"index":"index","follow":"follow","max-snippet":"max-snippet:-1","max-image-preview":"max-image-preview:large","max-video-preview":"max-video-preview:-1"},"canonical":"https:\/\/dgeric.cultura.gov.it\/en\/circolare-7-2020-modalita-di-fruizione-moduli-formativi\/","og_locale":"en_GB","og_type":"article","og_title":"Circolare 7\/2020: modalit\u00e0 di fruizione moduli formativi. Ulteriori istruzioni.","og_description":"Precisazioni, istruzioni e indicazioni sulla fruizione dei moduli formativi relativi ai corsi pubblicati con circolare DGER n. 7\/2020","og_url":"https:\/\/dgeric.cultura.gov.it\/en\/circolare-7-2020-modalita-di-fruizione-moduli-formativi\/","og_site_name":"Direzione Generale Educazione, ricerca e istituti culturali","article_publisher":"https:\/\/www.facebook.com\/dger.web","article_published_time":"2020-04-17T09:40:41+00:00","article_modified_time":"2022-12-21T17:27:16+00:00","og_image":[{"width":360,"height":273,"url":"https:\/\/dgeric.cultura.gov.it\/wp-content\/uploads\/2020\/04\/formazionecontinua.jpg","type":"image\/jpeg"}],"author":"admin","twitter_card":"summary_large_image","twitter_misc":{"Written by":"admin","Estimated reading time":"2 minutes"},"schema":{"@context":"https:\/\/schema.org","@graph":[{"@type":"WebPage","@id":"https:\/\/dgeric.cultura.gov.it\/circolare-7-2020-modalita-di-fruizione-moduli-formativi\/","url":"https:\/\/dgeric.cultura.gov.it\/circolare-7-2020-modalita-di-fruizione-moduli-formativi\/","name":"Circolare 7\/2020: modalit\u00e0 di fruizione moduli formativi. Ulteriori istruzioni.","isPartOf":{"@id":"https:\/\/dgeric.cultura.gov.it\/#website"},"primaryImageOfPage":{"@id":"https:\/\/dgeric.cultura.gov.it\/circolare-7-2020-modalita-di-fruizione-moduli-formativi\/#primaryimage"},"image":{"@id":"https:\/\/dgeric.cultura.gov.it\/circolare-7-2020-modalita-di-fruizione-moduli-formativi\/#primaryimage"},"thumbnailUrl":"https:\/\/dgeric.cultura.gov.it\/wp-content\/uploads\/2020\/04\/formazionecontinua.jpg","datePublished":"2020-04-17T09:40:41+00:00","dateModified":"2022-12-21T17:27:16+00:00","author":{"@id":"https:\/\/dgeric.cultura.gov.it\/#\/schema\/person\/3e34c1de5522b9b23d7191788dea88df"},"description":"Precisazioni, istruzioni e indicazioni sulla fruizione dei moduli formativi relativi ai corsi pubblicati con circolare DGER n. 7\/2020","breadcrumb":{"@id":"https:\/\/dgeric.cultura.gov.it\/circolare-7-2020-modalita-di-fruizione-moduli-formativi\/#breadcrumb"},"inLanguage":"en-GB","potentialAction":[{"@type":"ReadAction","target":["https:\/\/dgeric.cultura.gov.it\/circolare-7-2020-modalita-di-fruizione-moduli-formativi\/"]}]},{"@type":"ImageObject","inLanguage":"en-GB","@id":"https:\/\/dgeric.cultura.gov.it\/circolare-7-2020-modalita-di-fruizione-moduli-formativi\/#primaryimage","url":"https:\/\/dgeric.cultura.gov.it\/wp-content\/uploads\/2020\/04\/formazionecontinua.jpg","contentUrl":"https:\/\/dgeric.cultura.gov.it\/wp-content\/uploads\/2020\/04\/formazionecontinua.jpg","width":360,"height":273,"caption":"Saffo da Pompei, VI Insula Occidentalis, affresco 55 \u2013 79 d.C. su concessione del Ministero per i Beni e le Attivit\u00e0 Culturali e per il Turismo, Museo Archeologico Nazionale di Napoli foto di Giorgio Albano"},{"@type":"BreadcrumbList","@id":"https:\/\/dgeric.cultura.gov.it\/circolare-7-2020-modalita-di-fruizione-moduli-formativi\/#breadcrumb","itemListElement":[{"@type":"ListItem","position":1,"name":"Home","item":"https:\/\/dgeric.cultura.gov.it\/"},{"@type":"ListItem","position":2,"name":"Circolare 7\/2020: modalit\u00e0 di fruizione moduli formativi. Ulteriori istruzioni."}]},{"@type":"WebSite","@id":"https:\/\/dgeric.cultura.gov.it\/#website","url":"https:\/\/dgeric.cultura.gov.it\/","name":"Direzione Generale Educazione, ricerca e istituti culturali","description":"Il nuovo sito web della Direzione generale Educazione, ricerca e istituti culturali del Ministero della cultura","alternateName":"dgeric","potentialAction":[{"@type":"SearchAction","target":{"@type":"EntryPoint","urlTemplate":"https:\/\/dgeric.cultura.gov.it\/?s={search_term_string}"},"query-input":"required name=search_term_string"}],"inLanguage":"en-GB"},{"@type":"Person","@id":"https:\/\/dgeric.cultura.gov.it\/#\/schema\/person\/3e34c1de5522b9b23d7191788dea88df","name":"admin","image":{"@type":"ImageObject","inLanguage":"en-GB","@id":"https:\/\/dgeric.cultura.gov.it\/#\/schema\/person\/image\/","url":"https:\/\/secure.gravatar.com\/avatar\/73ce2d0d8c284cac6a168ef6fc4c913c1ecb8094b478747cc9378e8b01051435?s=96&d=mm&r=g","contentUrl":"https:\/\/secure.gravatar.com\/avatar\/73ce2d0d8c284cac6a168ef6fc4c913c1ecb8094b478747cc9378e8b01051435?s=96&d=mm&r=g","caption":"admin"},"sameAs":["http:\/\/dgeric.cultura.gov.it"],"url":"https:\/\/dgeric.cultura.gov.it\/en\/author\/admin\/"}]}},"_links":{"self":[{"href":"https:\/\/dgeric.cultura.gov.it\/en\/wp-json\/wp\/v2\/posts\/3071","targetHints":{"allow":["GET"]}}],"collection":[{"href":"https:\/\/dgeric.cultura.gov.it\/en\/wp-json\/wp\/v2\/posts"}],"about":[{"href":"https:\/\/dgeric.cultura.gov.it\/en\/wp-json\/wp\/v2\/types\/post"}],"author":[{"embeddable":true,"href":"https:\/\/dgeric.cultura.gov.it\/en\/wp-json\/wp\/v2\/users\/1"}],"replies":[{"embeddable":true,"href":"https:\/\/dgeric.cultura.gov.it\/en\/wp-json\/wp\/v2\/comments?post=3071"}],"version-history":[{"count":1,"href":"https:\/\/dgeric.cultura.gov.it\/en\/wp-json\/wp\/v2\/posts\/3071\/revisions"}],"predecessor-version":[{"id":14265,"href":"https:\/\/dgeric.cultura.gov.it\/en\/wp-json\/wp\/v2\/posts\/3071\/revisions\/14265"}],"wp:featuredmedia":[{"embeddable":true,"href":"https:\/\/dgeric.cultura.gov.it\/en\/wp-json\/wp\/v2\/media\/2968"}],"wp:attachment":[{"href":"https:\/\/dgeric.cultura.gov.it\/en\/wp-json\/wp\/v2\/media?parent=3071"}],"wp:term":[{"taxonomy":"category","embeddable":true,"href":"https:\/\/dgeric.cultura.gov.it\/en\/wp-json\/wp\/v2\/categories?post=3071"},{"taxonomy":"post_tag","embeddable":true,"href":"https:\/\/dgeric.cultura.gov.it\/en\/wp-json\/wp\/v2\/tags?post=3071"}],"curies":[{"name":"wp","href":"https:\/\/api.w.org\/{rel}","templated":true}]}}