{"id":4045,"date":"2020-10-08T12:28:36","date_gmt":"2020-10-08T10:28:36","guid":{"rendered":"http:\/\/dger.beniculturali.it\/?p=4045"},"modified":"2022-12-21T18:27:04","modified_gmt":"2022-12-21T17:27:04","slug":"un-faro-per-le-comunita-patrimoniali-convegno-diculther","status":"publish","type":"post","link":"https:\/\/dgeric.cultura.gov.it\/en\/un-faro-per-le-comunita-patrimoniali-convegno-diculther\/","title":{"rendered":"Un \u2018FARO\u2019 per le COMUNIT\u00c1 PATRIMONIALI convegno DiCultHer"},"content":{"rendered":"<p>La Direzione generale Educazione, ricerca e istituti culturali partecipa al convegno online organizzato dall&#8217;associazione <strong>DiCultHer<\/strong> dal titolo\u00a0<strong>Un \u2018FARO\u2019 per le COMUNIT\u00c1 PATRIMONIALI, tra processi partecipativi e nuovi strumenti di ricerca, collaborazione e disseminazione<\/strong>, il 9 ottobre 2020 dalle ore 15 alle 18.<\/p>\n<p>L&#8217;evento, organizzato a seguito della recente ratifica da parte del Parlamento italiano della <strong>Convenzione di Faro &#8211; Convenzione quadro del Consiglio d\u2019Europa sul valore del patrimonio culturale per la societ\u00e0<\/strong> &#8211; presentata dal Consiglio d\u2019Europa nel 2005 e sottoscritta dal Governo italiano gi\u00e0 nel 2013, si potr\u00e0 seguire in <strong>live stream<\/strong>.<\/p>\n<p>Un&#8217;occasione per riflettere sulle prospettive di attuazione della convenzione nella societ\u00e0 e nel mondo della Scuola, con particolare riguardo al nuovo insegnamento sull&#8217;educazione civica.<\/p>\n<blockquote><p>La Convenzione ha innescato una profonda rivisitazione del concetto di Eredit\u00e0 Culturale legandola indissolubilmente alle comunit\u00e0, e assume un ruolo cruciale laddove auspica un uso critico e consapevole dei canali e delle forme di espressivit\u00e0 offerte dalle tecnologie digitali come veicolo di inclusione ampia di componenti sociali e culturali diverse, come opportunit\u00e0 concreta di partecipazione di tutte le diverse componenti sociali, culturali, generazionali alla definizione di una identit\u00e0 che le rappresenti, come strumento di autorappresentazione e definizione negli spazi pubblici del patrimonio culturale condiviso. (DiCultHer)<\/p><\/blockquote>\n<p>Maggiori informazioni sul programma e sulle modalit\u00e0 di partecipazione al convegno:<\/p>\n<p><a href=\"https:\/\/www.diculther.it\/blog\/2020\/10\/01\/un-faro-per-le-comunita-patrimoniali-tra-processi-partecipativi-e-nuovi-strumenti-di-ricerca-collaborazione-e-disseminazione-convegno-online-9-ottobre-2020\/\">https:\/\/www.diculther.it\/blog\/2020\/10\/01\/un-faro-per-le-comunita-patrimoniali-tra-processi-partecipativi-e-nuovi-strumenti-di-ricerca-collaborazione-e-disseminazione-convegno-online-9-ottobre-2020\/<\/a><\/p>","protected":false},"excerpt":{"rendered":"<p>La Direzione generale Educazione, ricerca e istituti culturali partecipa al convegno online organizzato dall&#8217;associazione DiCultHer dal titolo\u00a0Un \u2018FARO\u2019 per le COMUNIT\u00c1 PATRIMONIALI, tra processi partecipativi &#8230; <\/p>","protected":false},"author":1,"featured_media":4056,"comment_status":"closed","ping_status":"closed","sticky":false,"template":"","format":"standard","meta":{"footnotes":""},"categories":[13,14,189],"tags":[],"class_list":["post-4045","post","type-post","status-publish","format-standard","has-post-thumbnail","hentry","category-educazione","category-eventi","category-tutti-articoli"],"acf":[],"yoast_head":"<!-- This site is optimized with the Yoast SEO plugin v23.3 - https:\/\/yoast.com\/wordpress\/plugins\/seo\/ -->\n<title>Un \u2018FARO\u2019 per le COMUNIT\u00c1 PATRIMONIALI convegno DiCultHer - Direzione Generale Educazione, ricerca e istituti culturali<\/title>\n<meta name=\"description\" content=\"La Direzione generale Educazione, ricerca e istituti culturali partecipa al convegno online organizzato da DiCultHer Un \u2018FARO\u2019 per le COMUNIT\u00c1 PATRIMONIALI\" \/>\n<meta name=\"robots\" content=\"index, follow, max-snippet:-1, max-image-preview:large, max-video-preview:-1\" \/>\n<link rel=\"canonical\" href=\"https:\/\/dgeric.cultura.gov.it\/en\/un-faro-per-le-comunita-patrimoniali-convegno-diculther\/\" \/>\n<meta property=\"og:locale\" content=\"en_GB\" \/>\n<meta property=\"og:type\" content=\"article\" \/>\n<meta property=\"og:title\" content=\"Un \u2018FARO\u2019 per le COMUNIT\u00c1 PATRIMONIALI convegno DiCultHer - Direzione Generale Educazione, ricerca e istituti culturali\" \/>\n<meta property=\"og:description\" content=\"La Direzione generale Educazione, ricerca e istituti culturali partecipa al convegno online organizzato da DiCultHer Un \u2018FARO\u2019 per le COMUNIT\u00c1 PATRIMONIALI\" \/>\n<meta property=\"og:url\" content=\"https:\/\/dgeric.cultura.gov.it\/en\/un-faro-per-le-comunita-patrimoniali-convegno-diculther\/\" \/>\n<meta property=\"og:site_name\" content=\"Direzione Generale Educazione, ricerca e istituti culturali\" \/>\n<meta property=\"article:publisher\" content=\"https:\/\/www.facebook.com\/dger.web\" \/>\n<meta property=\"article:published_time\" content=\"2020-10-08T10:28:36+00:00\" \/>\n<meta property=\"article:modified_time\" content=\"2022-12-21T17:27:04+00:00\" \/>\n<meta property=\"og:image\" content=\"https:\/\/dgeric.cultura.gov.it\/wp-content\/uploads\/2020\/10\/immagine-DgCultHer-1.png\" \/>\n\t<meta property=\"og:image:width\" content=\"360\" \/>\n\t<meta property=\"og:image:height\" content=\"273\" \/>\n\t<meta property=\"og:image:type\" content=\"image\/png\" \/>\n<meta name=\"author\" content=\"admin\" \/>\n<meta name=\"twitter:card\" content=\"summary_large_image\" \/>\n<meta name=\"twitter:label1\" content=\"Written by\" \/>\n\t<meta name=\"twitter:data1\" content=\"admin\" \/>\n\t<meta name=\"twitter:label2\" content=\"Estimated reading time\" \/>\n\t<meta name=\"twitter:data2\" content=\"1 minute\" \/>\n<script type=\"application\/ld+json\" class=\"yoast-schema-graph\">{\"@context\":\"https:\/\/schema.org\",\"@graph\":[{\"@type\":\"WebPage\",\"@id\":\"https:\/\/dgeric.cultura.gov.it\/un-faro-per-le-comunita-patrimoniali-convegno-diculther\/\",\"url\":\"https:\/\/dgeric.cultura.gov.it\/un-faro-per-le-comunita-patrimoniali-convegno-diculther\/\",\"name\":\"Un \u2018FARO\u2019 per le COMUNIT\u00c1 PATRIMONIALI convegno DiCultHer - Direzione Generale Educazione, ricerca e istituti culturali\",\"isPartOf\":{\"@id\":\"https:\/\/dgeric.cultura.gov.it\/#website\"},\"primaryImageOfPage\":{\"@id\":\"https:\/\/dgeric.cultura.gov.it\/un-faro-per-le-comunita-patrimoniali-convegno-diculther\/#primaryimage\"},\"image\":{\"@id\":\"https:\/\/dgeric.cultura.gov.it\/un-faro-per-le-comunita-patrimoniali-convegno-diculther\/#primaryimage\"},\"thumbnailUrl\":\"https:\/\/dgeric.cultura.gov.it\/wp-content\/uploads\/2020\/10\/immagine-DgCultHer-1.png\",\"datePublished\":\"2020-10-08T10:28:36+00:00\",\"dateModified\":\"2022-12-21T17:27:04+00:00\",\"author\":{\"@id\":\"https:\/\/dgeric.cultura.gov.it\/#\/schema\/person\/3e34c1de5522b9b23d7191788dea88df\"},\"description\":\"La Direzione generale Educazione, ricerca e istituti culturali partecipa al convegno online organizzato da DiCultHer Un \u2018FARO\u2019 per le COMUNIT\u00c1 PATRIMONIALI\",\"breadcrumb\":{\"@id\":\"https:\/\/dgeric.cultura.gov.it\/un-faro-per-le-comunita-patrimoniali-convegno-diculther\/#breadcrumb\"},\"inLanguage\":\"en-GB\",\"potentialAction\":[{\"@type\":\"ReadAction\",\"target\":[\"https:\/\/dgeric.cultura.gov.it\/un-faro-per-le-comunita-patrimoniali-convegno-diculther\/\"]}]},{\"@type\":\"ImageObject\",\"inLanguage\":\"en-GB\",\"@id\":\"https:\/\/dgeric.cultura.gov.it\/un-faro-per-le-comunita-patrimoniali-convegno-diculther\/#primaryimage\",\"url\":\"https:\/\/dgeric.cultura.gov.it\/wp-content\/uploads\/2020\/10\/immagine-DgCultHer-1.png\",\"contentUrl\":\"https:\/\/dgeric.cultura.gov.it\/wp-content\/uploads\/2020\/10\/immagine-DgCultHer-1.png\",\"width\":360,\"height\":273,\"caption\":\"immagine-DiCultHer webinar\"},{\"@type\":\"BreadcrumbList\",\"@id\":\"https:\/\/dgeric.cultura.gov.it\/un-faro-per-le-comunita-patrimoniali-convegno-diculther\/#breadcrumb\",\"itemListElement\":[{\"@type\":\"ListItem\",\"position\":1,\"name\":\"Home\",\"item\":\"https:\/\/dgeric.cultura.gov.it\/\"},{\"@type\":\"ListItem\",\"position\":2,\"name\":\"Un \u2018FARO\u2019 per le COMUNIT\u00c1 PATRIMONIALI convegno DiCultHer\"}]},{\"@type\":\"WebSite\",\"@id\":\"https:\/\/dgeric.cultura.gov.it\/#website\",\"url\":\"https:\/\/dgeric.cultura.gov.it\/\",\"name\":\"Direzione Generale Educazione, ricerca e istituti culturali\",\"description\":\"Il nuovo sito web della Direzione generale Educazione, ricerca e istituti culturali del Ministero della cultura\",\"alternateName\":\"dgeric\",\"potentialAction\":[{\"@type\":\"SearchAction\",\"target\":{\"@type\":\"EntryPoint\",\"urlTemplate\":\"https:\/\/dgeric.cultura.gov.it\/?s={search_term_string}\"},\"query-input\":\"required name=search_term_string\"}],\"inLanguage\":\"en-GB\"},{\"@type\":\"Person\",\"@id\":\"https:\/\/dgeric.cultura.gov.it\/#\/schema\/person\/3e34c1de5522b9b23d7191788dea88df\",\"name\":\"admin\",\"image\":{\"@type\":\"ImageObject\",\"inLanguage\":\"en-GB\",\"@id\":\"https:\/\/dgeric.cultura.gov.it\/#\/schema\/person\/image\/\",\"url\":\"https:\/\/secure.gravatar.com\/avatar\/73ce2d0d8c284cac6a168ef6fc4c913c1ecb8094b478747cc9378e8b01051435?s=96&d=mm&r=g\",\"contentUrl\":\"https:\/\/secure.gravatar.com\/avatar\/73ce2d0d8c284cac6a168ef6fc4c913c1ecb8094b478747cc9378e8b01051435?s=96&d=mm&r=g\",\"caption\":\"admin\"},\"sameAs\":[\"http:\/\/dgeric.cultura.gov.it\"],\"url\":\"https:\/\/dgeric.cultura.gov.it\/en\/author\/admin\/\"}]}<\/script>\n<!-- \/ Yoast SEO plugin. -->","yoast_head_json":{"title":"Un \u2018FARO\u2019 per le COMUNIT\u00c1 PATRIMONIALI convegno DiCultHer - Direzione Generale Educazione, ricerca e istituti culturali","description":"La Direzione generale Educazione, ricerca e istituti culturali partecipa al convegno online organizzato da DiCultHer Un \u2018FARO\u2019 per le COMUNIT\u00c1 PATRIMONIALI","robots":{"index":"index","follow":"follow","max-snippet":"max-snippet:-1","max-image-preview":"max-image-preview:large","max-video-preview":"max-video-preview:-1"},"canonical":"https:\/\/dgeric.cultura.gov.it\/en\/un-faro-per-le-comunita-patrimoniali-convegno-diculther\/","og_locale":"en_GB","og_type":"article","og_title":"Un \u2018FARO\u2019 per le COMUNIT\u00c1 PATRIMONIALI convegno DiCultHer - Direzione Generale Educazione, ricerca e istituti culturali","og_description":"La Direzione generale Educazione, ricerca e istituti culturali partecipa al convegno online organizzato da DiCultHer Un \u2018FARO\u2019 per le COMUNIT\u00c1 PATRIMONIALI","og_url":"https:\/\/dgeric.cultura.gov.it\/en\/un-faro-per-le-comunita-patrimoniali-convegno-diculther\/","og_site_name":"Direzione Generale Educazione, ricerca e istituti culturali","article_publisher":"https:\/\/www.facebook.com\/dger.web","article_published_time":"2020-10-08T10:28:36+00:00","article_modified_time":"2022-12-21T17:27:04+00:00","og_image":[{"width":360,"height":273,"url":"https:\/\/dgeric.cultura.gov.it\/wp-content\/uploads\/2020\/10\/immagine-DgCultHer-1.png","type":"image\/png"}],"author":"admin","twitter_card":"summary_large_image","twitter_misc":{"Written by":"admin","Estimated reading time":"1 minute"},"schema":{"@context":"https:\/\/schema.org","@graph":[{"@type":"WebPage","@id":"https:\/\/dgeric.cultura.gov.it\/un-faro-per-le-comunita-patrimoniali-convegno-diculther\/","url":"https:\/\/dgeric.cultura.gov.it\/un-faro-per-le-comunita-patrimoniali-convegno-diculther\/","name":"Un \u2018FARO\u2019 per le COMUNIT\u00c1 PATRIMONIALI convegno DiCultHer - Direzione Generale Educazione, ricerca e istituti culturali","isPartOf":{"@id":"https:\/\/dgeric.cultura.gov.it\/#website"},"primaryImageOfPage":{"@id":"https:\/\/dgeric.cultura.gov.it\/un-faro-per-le-comunita-patrimoniali-convegno-diculther\/#primaryimage"},"image":{"@id":"https:\/\/dgeric.cultura.gov.it\/un-faro-per-le-comunita-patrimoniali-convegno-diculther\/#primaryimage"},"thumbnailUrl":"https:\/\/dgeric.cultura.gov.it\/wp-content\/uploads\/2020\/10\/immagine-DgCultHer-1.png","datePublished":"2020-10-08T10:28:36+00:00","dateModified":"2022-12-21T17:27:04+00:00","author":{"@id":"https:\/\/dgeric.cultura.gov.it\/#\/schema\/person\/3e34c1de5522b9b23d7191788dea88df"},"description":"La Direzione generale Educazione, ricerca e istituti culturali partecipa al convegno online organizzato da DiCultHer Un \u2018FARO\u2019 per le COMUNIT\u00c1 PATRIMONIALI","breadcrumb":{"@id":"https:\/\/dgeric.cultura.gov.it\/un-faro-per-le-comunita-patrimoniali-convegno-diculther\/#breadcrumb"},"inLanguage":"en-GB","potentialAction":[{"@type":"ReadAction","target":["https:\/\/dgeric.cultura.gov.it\/un-faro-per-le-comunita-patrimoniali-convegno-diculther\/"]}]},{"@type":"ImageObject","inLanguage":"en-GB","@id":"https:\/\/dgeric.cultura.gov.it\/un-faro-per-le-comunita-patrimoniali-convegno-diculther\/#primaryimage","url":"https:\/\/dgeric.cultura.gov.it\/wp-content\/uploads\/2020\/10\/immagine-DgCultHer-1.png","contentUrl":"https:\/\/dgeric.cultura.gov.it\/wp-content\/uploads\/2020\/10\/immagine-DgCultHer-1.png","width":360,"height":273,"caption":"immagine-DiCultHer webinar"},{"@type":"BreadcrumbList","@id":"https:\/\/dgeric.cultura.gov.it\/un-faro-per-le-comunita-patrimoniali-convegno-diculther\/#breadcrumb","itemListElement":[{"@type":"ListItem","position":1,"name":"Home","item":"https:\/\/dgeric.cultura.gov.it\/"},{"@type":"ListItem","position":2,"name":"Un \u2018FARO\u2019 per le COMUNIT\u00c1 PATRIMONIALI convegno DiCultHer"}]},{"@type":"WebSite","@id":"https:\/\/dgeric.cultura.gov.it\/#website","url":"https:\/\/dgeric.cultura.gov.it\/","name":"Direzione Generale Educazione, ricerca e istituti culturali","description":"Il nuovo sito web della Direzione generale Educazione, ricerca e istituti culturali del Ministero della cultura","alternateName":"dgeric","potentialAction":[{"@type":"SearchAction","target":{"@type":"EntryPoint","urlTemplate":"https:\/\/dgeric.cultura.gov.it\/?s={search_term_string}"},"query-input":"required name=search_term_string"}],"inLanguage":"en-GB"},{"@type":"Person","@id":"https:\/\/dgeric.cultura.gov.it\/#\/schema\/person\/3e34c1de5522b9b23d7191788dea88df","name":"admin","image":{"@type":"ImageObject","inLanguage":"en-GB","@id":"https:\/\/dgeric.cultura.gov.it\/#\/schema\/person\/image\/","url":"https:\/\/secure.gravatar.com\/avatar\/73ce2d0d8c284cac6a168ef6fc4c913c1ecb8094b478747cc9378e8b01051435?s=96&d=mm&r=g","contentUrl":"https:\/\/secure.gravatar.com\/avatar\/73ce2d0d8c284cac6a168ef6fc4c913c1ecb8094b478747cc9378e8b01051435?s=96&d=mm&r=g","caption":"admin"},"sameAs":["http:\/\/dgeric.cultura.gov.it"],"url":"https:\/\/dgeric.cultura.gov.it\/en\/author\/admin\/"}]}},"_links":{"self":[{"href":"https:\/\/dgeric.cultura.gov.it\/en\/wp-json\/wp\/v2\/posts\/4045","targetHints":{"allow":["GET"]}}],"collection":[{"href":"https:\/\/dgeric.cultura.gov.it\/en\/wp-json\/wp\/v2\/posts"}],"about":[{"href":"https:\/\/dgeric.cultura.gov.it\/en\/wp-json\/wp\/v2\/types\/post"}],"author":[{"embeddable":true,"href":"https:\/\/dgeric.cultura.gov.it\/en\/wp-json\/wp\/v2\/users\/1"}],"replies":[{"embeddable":true,"href":"https:\/\/dgeric.cultura.gov.it\/en\/wp-json\/wp\/v2\/comments?post=4045"}],"version-history":[{"count":1,"href":"https:\/\/dgeric.cultura.gov.it\/en\/wp-json\/wp\/v2\/posts\/4045\/revisions"}],"predecessor-version":[{"id":14232,"href":"https:\/\/dgeric.cultura.gov.it\/en\/wp-json\/wp\/v2\/posts\/4045\/revisions\/14232"}],"wp:featuredmedia":[{"embeddable":true,"href":"https:\/\/dgeric.cultura.gov.it\/en\/wp-json\/wp\/v2\/media\/4056"}],"wp:attachment":[{"href":"https:\/\/dgeric.cultura.gov.it\/en\/wp-json\/wp\/v2\/media?parent=4045"}],"wp:term":[{"taxonomy":"category","embeddable":true,"href":"https:\/\/dgeric.cultura.gov.it\/en\/wp-json\/wp\/v2\/categories?post=4045"},{"taxonomy":"post_tag","embeddable":true,"href":"https:\/\/dgeric.cultura.gov.it\/en\/wp-json\/wp\/v2\/tags?post=4045"}],"curies":[{"name":"wp","href":"https:\/\/api.w.org\/{rel}","templated":true}]}}