{"id":4398,"date":"2020-10-22T10:21:55","date_gmt":"2020-10-22T08:21:55","guid":{"rendered":"http:\/\/dger.beniculturali.it\/?p=4398"},"modified":"2022-12-21T18:27:02","modified_gmt":"2022-12-21T17:27:02","slug":"diculther-ciclo-di-webinar-settimanali-sulla-convenzione-di-faro","status":"publish","type":"post","link":"https:\/\/dgeric.cultura.gov.it\/en\/diculther-ciclo-di-webinar-settimanali-sulla-convenzione-di-faro\/","title":{"rendered":"DiCultHer \u2013 cycle of weekly webinars on the Faro Convention"},"content":{"rendered":"<p>Dopo l&#8217;evento inaugurale del 9 ottobre, ogni venerd\u00ec, a partire dal <strong>23 ottobre<\/strong>, un webinar settimanale \u00e8 dedicato alla <strong>Convenzione di Faro e al patrimonio culturale nell\u2019era digitale<\/strong>.<\/p>\n<p>L&#8217;iniziativa, in linea con il <strong>memorandum of understanding<\/strong> tra la<strong> Directorate General for Education, Research and Cultural Institutes<\/strong>\u00a0of the <a href=\"https:\/\/www.beniculturali.it\/\"><strong>MiBACT<\/strong><\/a> and the<a href=\"https:\/\/www.diculther.it\/associazione-internazionale-diculther\/\"><strong>Associazione internazionale DiCultHer<\/strong><\/a>, con il patrocinio di <a href=\"http:\/\/www.icom-italia.org\/\"><strong>ICOM<\/strong>\u00a0<strong>Italia<\/strong><\/a>, prosegue fino alla VI Settimana della Cultura digitale (3-10 aprile 2021).<\/p>\n<p>Attraverso i contributi del network <strong>DiCultHer<\/strong>, i webinar sono occasione per riflettere sulla Convenzione di Faro come &#8220;opportunit\u00e0 per le comunit\u00e0 scientifiche, educative e le comunit\u00e0 patrimoniali, per i processi di partecipazione e presa in carico dei patrimoni, per il rafforzamento della dimensione collettiva e delle pratiche di salvaguardia e valorizzazione dei patrimoni culturali condivisi dalle comunit\u00e0, dall\u2019associazionismo, dai gruppi informali dalla Scuola&#8221; (DiCultHer).<\/p>\n<p><span class=\"x_colour\">Il contributo della Direzione<\/span><span class=\"x_colour\"> si articola in particolare <\/span>in quattro interventi, in corso di definizione, sui temi del digitale per la <strong>formazione<\/strong>, <span class=\"x_colour\">l\u2019<strong>educazione<\/strong> al patrimonio, l&#8217;<\/span><span class=\"x_colour\"><strong>accessibility<\/strong>\u00a0and the <\/span><span class=\"x_colour\"><strong>restauro<\/strong> di beni culturali.<\/span><\/p>\n<p>Informazioni sul programma e registrazione ai webinar alla pagina: <a href=\"https:\/\/www.diculther.it\/webinar-settimanali-sulla-convenzione-di-faro-ottobre-2020-aprile-2021\/\">https:\/\/www.diculther.it\/webinar-settimanali-sulla-convenzione-di-faro-ottobre-2020-aprile-2021\/<\/a><\/p>","protected":false},"excerpt":{"rendered":"<p>After the inaugural event on October 9, every Friday, starting October 23, a weekly webinar is dedicated to the Faro Convention and the heritage \u2026 <\/p>","protected":false},"author":1,"featured_media":4056,"comment_status":"closed","ping_status":"closed","sticky":false,"template":"","format":"standard","meta":{"footnotes":""},"categories":[14,17,189],"tags":[],"class_list":["post-4398","post","type-post","status-publish","format-standard","has-post-thumbnail","hentry","category-eventi","category-giornate-di-studio","category-tutti-articoli"],"acf":[],"yoast_head":"<!-- This site is optimized with the Yoast SEO plugin v23.3 - https:\/\/yoast.com\/wordpress\/plugins\/seo\/ -->\n<title>DiCultHer - ciclo di webinar settimanali sulla Convenzione di Faro - Direzione Generale Educazione, ricerca e istituti culturali<\/title>\n<meta name=\"description\" content=\"Ogni venerd\u00ec, a partire dal 23 ottobre, un webinar settimanale \u00e8 dedicato alla Convenzione di Faro e al patrimonio culturale nell\u2019era digitale.\" \/>\n<meta name=\"robots\" content=\"index, follow, max-snippet:-1, max-image-preview:large, max-video-preview:-1\" \/>\n<link rel=\"canonical\" href=\"https:\/\/dgeric.cultura.gov.it\/en\/diculther-ciclo-di-webinar-settimanali-sulla-convenzione-di-faro\/\" \/>\n<meta property=\"og:locale\" content=\"en_GB\" \/>\n<meta property=\"og:type\" content=\"article\" \/>\n<meta property=\"og:title\" content=\"DiCultHer - ciclo di webinar settimanali sulla Convenzione di Faro - Direzione Generale Educazione, ricerca e istituti culturali\" \/>\n<meta property=\"og:description\" content=\"Ogni venerd\u00ec, a partire dal 23 ottobre, un webinar settimanale \u00e8 dedicato alla Convenzione di Faro e al patrimonio culturale nell\u2019era digitale.\" \/>\n<meta property=\"og:url\" content=\"https:\/\/dgeric.cultura.gov.it\/en\/diculther-ciclo-di-webinar-settimanali-sulla-convenzione-di-faro\/\" \/>\n<meta property=\"og:site_name\" content=\"Direzione Generale Educazione, ricerca e istituti culturali\" \/>\n<meta property=\"article:publisher\" content=\"https:\/\/www.facebook.com\/dger.web\" \/>\n<meta property=\"article:published_time\" content=\"2020-10-22T08:21:55+00:00\" \/>\n<meta property=\"article:modified_time\" content=\"2022-12-21T17:27:02+00:00\" \/>\n<meta property=\"og:image\" content=\"https:\/\/dgeric.cultura.gov.it\/wp-content\/uploads\/2020\/10\/immagine-DgCultHer-1.png\" \/>\n\t<meta property=\"og:image:width\" content=\"360\" \/>\n\t<meta property=\"og:image:height\" content=\"273\" \/>\n\t<meta property=\"og:image:type\" content=\"image\/png\" \/>\n<meta name=\"author\" content=\"admin\" \/>\n<meta name=\"twitter:card\" content=\"summary_large_image\" \/>\n<meta name=\"twitter:label1\" content=\"Written by\" \/>\n\t<meta name=\"twitter:data1\" content=\"admin\" \/>\n\t<meta name=\"twitter:label2\" content=\"Estimated reading time\" \/>\n\t<meta name=\"twitter:data2\" content=\"1 minute\" \/>\n<script type=\"application\/ld+json\" class=\"yoast-schema-graph\">{\"@context\":\"https:\/\/schema.org\",\"@graph\":[{\"@type\":\"WebPage\",\"@id\":\"https:\/\/dgeric.cultura.gov.it\/diculther-ciclo-di-webinar-settimanali-sulla-convenzione-di-faro\/\",\"url\":\"https:\/\/dgeric.cultura.gov.it\/diculther-ciclo-di-webinar-settimanali-sulla-convenzione-di-faro\/\",\"name\":\"DiCultHer - ciclo di webinar settimanali sulla Convenzione di Faro - Direzione Generale Educazione, ricerca e istituti culturali\",\"isPartOf\":{\"@id\":\"https:\/\/dgeric.cultura.gov.it\/#website\"},\"primaryImageOfPage\":{\"@id\":\"https:\/\/dgeric.cultura.gov.it\/diculther-ciclo-di-webinar-settimanali-sulla-convenzione-di-faro\/#primaryimage\"},\"image\":{\"@id\":\"https:\/\/dgeric.cultura.gov.it\/diculther-ciclo-di-webinar-settimanali-sulla-convenzione-di-faro\/#primaryimage\"},\"thumbnailUrl\":\"https:\/\/dgeric.cultura.gov.it\/wp-content\/uploads\/2020\/10\/immagine-DgCultHer-1.png\",\"datePublished\":\"2020-10-22T08:21:55+00:00\",\"dateModified\":\"2022-12-21T17:27:02+00:00\",\"author\":{\"@id\":\"https:\/\/dgeric.cultura.gov.it\/#\/schema\/person\/3e34c1de5522b9b23d7191788dea88df\"},\"description\":\"Ogni venerd\u00ec, a partire dal 23 ottobre, un webinar settimanale \u00e8 dedicato alla Convenzione di Faro e al patrimonio culturale nell\u2019era digitale.\",\"breadcrumb\":{\"@id\":\"https:\/\/dgeric.cultura.gov.it\/diculther-ciclo-di-webinar-settimanali-sulla-convenzione-di-faro\/#breadcrumb\"},\"inLanguage\":\"en-GB\",\"potentialAction\":[{\"@type\":\"ReadAction\",\"target\":[\"https:\/\/dgeric.cultura.gov.it\/diculther-ciclo-di-webinar-settimanali-sulla-convenzione-di-faro\/\"]}]},{\"@type\":\"ImageObject\",\"inLanguage\":\"en-GB\",\"@id\":\"https:\/\/dgeric.cultura.gov.it\/diculther-ciclo-di-webinar-settimanali-sulla-convenzione-di-faro\/#primaryimage\",\"url\":\"https:\/\/dgeric.cultura.gov.it\/wp-content\/uploads\/2020\/10\/immagine-DgCultHer-1.png\",\"contentUrl\":\"https:\/\/dgeric.cultura.gov.it\/wp-content\/uploads\/2020\/10\/immagine-DgCultHer-1.png\",\"width\":360,\"height\":273,\"caption\":\"immagine-DiCultHer webinar\"},{\"@type\":\"BreadcrumbList\",\"@id\":\"https:\/\/dgeric.cultura.gov.it\/diculther-ciclo-di-webinar-settimanali-sulla-convenzione-di-faro\/#breadcrumb\",\"itemListElement\":[{\"@type\":\"ListItem\",\"position\":1,\"name\":\"Home\",\"item\":\"https:\/\/dgeric.cultura.gov.it\/\"},{\"@type\":\"ListItem\",\"position\":2,\"name\":\"DiCultHer &#8211; ciclo di webinar settimanali sulla Convenzione di Faro\"}]},{\"@type\":\"WebSite\",\"@id\":\"https:\/\/dgeric.cultura.gov.it\/#website\",\"url\":\"https:\/\/dgeric.cultura.gov.it\/\",\"name\":\"Direzione Generale Educazione, ricerca e istituti culturali\",\"description\":\"Il nuovo sito web della Direzione generale Educazione, ricerca e istituti culturali del Ministero della cultura\",\"alternateName\":\"dgeric\",\"potentialAction\":[{\"@type\":\"SearchAction\",\"target\":{\"@type\":\"EntryPoint\",\"urlTemplate\":\"https:\/\/dgeric.cultura.gov.it\/?s={search_term_string}\"},\"query-input\":\"required name=search_term_string\"}],\"inLanguage\":\"en-GB\"},{\"@type\":\"Person\",\"@id\":\"https:\/\/dgeric.cultura.gov.it\/#\/schema\/person\/3e34c1de5522b9b23d7191788dea88df\",\"name\":\"admin\",\"image\":{\"@type\":\"ImageObject\",\"inLanguage\":\"en-GB\",\"@id\":\"https:\/\/dgeric.cultura.gov.it\/#\/schema\/person\/image\/\",\"url\":\"https:\/\/secure.gravatar.com\/avatar\/73ce2d0d8c284cac6a168ef6fc4c913c1ecb8094b478747cc9378e8b01051435?s=96&d=mm&r=g\",\"contentUrl\":\"https:\/\/secure.gravatar.com\/avatar\/73ce2d0d8c284cac6a168ef6fc4c913c1ecb8094b478747cc9378e8b01051435?s=96&d=mm&r=g\",\"caption\":\"admin\"},\"sameAs\":[\"http:\/\/dgeric.cultura.gov.it\"],\"url\":\"https:\/\/dgeric.cultura.gov.it\/en\/author\/admin\/\"}]}<\/script>\n<!-- \/ Yoast SEO plugin. -->","yoast_head_json":{"title":"DiCultHer - ciclo di webinar settimanali sulla Convenzione di Faro - Direzione Generale Educazione, ricerca e istituti culturali","description":"Ogni venerd\u00ec, a partire dal 23 ottobre, un webinar settimanale \u00e8 dedicato alla Convenzione di Faro e al patrimonio culturale nell\u2019era digitale.","robots":{"index":"index","follow":"follow","max-snippet":"max-snippet:-1","max-image-preview":"max-image-preview:large","max-video-preview":"max-video-preview:-1"},"canonical":"https:\/\/dgeric.cultura.gov.it\/en\/diculther-ciclo-di-webinar-settimanali-sulla-convenzione-di-faro\/","og_locale":"en_GB","og_type":"article","og_title":"DiCultHer - ciclo di webinar settimanali sulla Convenzione di Faro - Direzione Generale Educazione, ricerca e istituti culturali","og_description":"Ogni venerd\u00ec, a partire dal 23 ottobre, un webinar settimanale \u00e8 dedicato alla Convenzione di Faro e al patrimonio culturale nell\u2019era digitale.","og_url":"https:\/\/dgeric.cultura.gov.it\/en\/diculther-ciclo-di-webinar-settimanali-sulla-convenzione-di-faro\/","og_site_name":"Direzione Generale Educazione, ricerca e istituti culturali","article_publisher":"https:\/\/www.facebook.com\/dger.web","article_published_time":"2020-10-22T08:21:55+00:00","article_modified_time":"2022-12-21T17:27:02+00:00","og_image":[{"width":360,"height":273,"url":"https:\/\/dgeric.cultura.gov.it\/wp-content\/uploads\/2020\/10\/immagine-DgCultHer-1.png","type":"image\/png"}],"author":"admin","twitter_card":"summary_large_image","twitter_misc":{"Written by":"admin","Estimated reading time":"1 minute"},"schema":{"@context":"https:\/\/schema.org","@graph":[{"@type":"WebPage","@id":"https:\/\/dgeric.cultura.gov.it\/diculther-ciclo-di-webinar-settimanali-sulla-convenzione-di-faro\/","url":"https:\/\/dgeric.cultura.gov.it\/diculther-ciclo-di-webinar-settimanali-sulla-convenzione-di-faro\/","name":"DiCultHer - ciclo di webinar settimanali sulla Convenzione di Faro - Direzione Generale Educazione, ricerca e istituti culturali","isPartOf":{"@id":"https:\/\/dgeric.cultura.gov.it\/#website"},"primaryImageOfPage":{"@id":"https:\/\/dgeric.cultura.gov.it\/diculther-ciclo-di-webinar-settimanali-sulla-convenzione-di-faro\/#primaryimage"},"image":{"@id":"https:\/\/dgeric.cultura.gov.it\/diculther-ciclo-di-webinar-settimanali-sulla-convenzione-di-faro\/#primaryimage"},"thumbnailUrl":"https:\/\/dgeric.cultura.gov.it\/wp-content\/uploads\/2020\/10\/immagine-DgCultHer-1.png","datePublished":"2020-10-22T08:21:55+00:00","dateModified":"2022-12-21T17:27:02+00:00","author":{"@id":"https:\/\/dgeric.cultura.gov.it\/#\/schema\/person\/3e34c1de5522b9b23d7191788dea88df"},"description":"Ogni venerd\u00ec, a partire dal 23 ottobre, un webinar settimanale \u00e8 dedicato alla Convenzione di Faro e al patrimonio culturale nell\u2019era digitale.","breadcrumb":{"@id":"https:\/\/dgeric.cultura.gov.it\/diculther-ciclo-di-webinar-settimanali-sulla-convenzione-di-faro\/#breadcrumb"},"inLanguage":"en-GB","potentialAction":[{"@type":"ReadAction","target":["https:\/\/dgeric.cultura.gov.it\/diculther-ciclo-di-webinar-settimanali-sulla-convenzione-di-faro\/"]}]},{"@type":"ImageObject","inLanguage":"en-GB","@id":"https:\/\/dgeric.cultura.gov.it\/diculther-ciclo-di-webinar-settimanali-sulla-convenzione-di-faro\/#primaryimage","url":"https:\/\/dgeric.cultura.gov.it\/wp-content\/uploads\/2020\/10\/immagine-DgCultHer-1.png","contentUrl":"https:\/\/dgeric.cultura.gov.it\/wp-content\/uploads\/2020\/10\/immagine-DgCultHer-1.png","width":360,"height":273,"caption":"immagine-DiCultHer webinar"},{"@type":"BreadcrumbList","@id":"https:\/\/dgeric.cultura.gov.it\/diculther-ciclo-di-webinar-settimanali-sulla-convenzione-di-faro\/#breadcrumb","itemListElement":[{"@type":"ListItem","position":1,"name":"Home","item":"https:\/\/dgeric.cultura.gov.it\/"},{"@type":"ListItem","position":2,"name":"DiCultHer &#8211; ciclo di webinar settimanali sulla Convenzione di Faro"}]},{"@type":"WebSite","@id":"https:\/\/dgeric.cultura.gov.it\/#website","url":"https:\/\/dgeric.cultura.gov.it\/","name":"Direzione Generale Educazione, ricerca e istituti culturali","description":"Il nuovo sito web della Direzione generale Educazione, ricerca e istituti culturali del Ministero della cultura","alternateName":"dgeric","potentialAction":[{"@type":"SearchAction","target":{"@type":"EntryPoint","urlTemplate":"https:\/\/dgeric.cultura.gov.it\/?s={search_term_string}"},"query-input":"required name=search_term_string"}],"inLanguage":"en-GB"},{"@type":"Person","@id":"https:\/\/dgeric.cultura.gov.it\/#\/schema\/person\/3e34c1de5522b9b23d7191788dea88df","name":"admin","image":{"@type":"ImageObject","inLanguage":"en-GB","@id":"https:\/\/dgeric.cultura.gov.it\/#\/schema\/person\/image\/","url":"https:\/\/secure.gravatar.com\/avatar\/73ce2d0d8c284cac6a168ef6fc4c913c1ecb8094b478747cc9378e8b01051435?s=96&d=mm&r=g","contentUrl":"https:\/\/secure.gravatar.com\/avatar\/73ce2d0d8c284cac6a168ef6fc4c913c1ecb8094b478747cc9378e8b01051435?s=96&d=mm&r=g","caption":"admin"},"sameAs":["http:\/\/dgeric.cultura.gov.it"],"url":"https:\/\/dgeric.cultura.gov.it\/en\/author\/admin\/"}]}},"_links":{"self":[{"href":"https:\/\/dgeric.cultura.gov.it\/en\/wp-json\/wp\/v2\/posts\/4398","targetHints":{"allow":["GET"]}}],"collection":[{"href":"https:\/\/dgeric.cultura.gov.it\/en\/wp-json\/wp\/v2\/posts"}],"about":[{"href":"https:\/\/dgeric.cultura.gov.it\/en\/wp-json\/wp\/v2\/types\/post"}],"author":[{"embeddable":true,"href":"https:\/\/dgeric.cultura.gov.it\/en\/wp-json\/wp\/v2\/users\/1"}],"replies":[{"embeddable":true,"href":"https:\/\/dgeric.cultura.gov.it\/en\/wp-json\/wp\/v2\/comments?post=4398"}],"version-history":[{"count":1,"href":"https:\/\/dgeric.cultura.gov.it\/en\/wp-json\/wp\/v2\/posts\/4398\/revisions"}],"predecessor-version":[{"id":14227,"href":"https:\/\/dgeric.cultura.gov.it\/en\/wp-json\/wp\/v2\/posts\/4398\/revisions\/14227"}],"wp:featuredmedia":[{"embeddable":true,"href":"https:\/\/dgeric.cultura.gov.it\/en\/wp-json\/wp\/v2\/media\/4056"}],"wp:attachment":[{"href":"https:\/\/dgeric.cultura.gov.it\/en\/wp-json\/wp\/v2\/media?parent=4398"}],"wp:term":[{"taxonomy":"category","embeddable":true,"href":"https:\/\/dgeric.cultura.gov.it\/en\/wp-json\/wp\/v2\/categories?post=4398"},{"taxonomy":"post_tag","embeddable":true,"href":"https:\/\/dgeric.cultura.gov.it\/en\/wp-json\/wp\/v2\/tags?post=4398"}],"curies":[{"name":"wp","href":"https:\/\/api.w.org\/{rel}","templated":true}]}}