{"id":49,"date":"2018-11-08T09:48:43","date_gmt":"2018-11-08T08:48:43","guid":{"rendered":"http:\/\/dger.beniculturali.it\/?p=49"},"modified":"2022-12-21T18:27:35","modified_gmt":"2022-12-21T17:27:35","slug":"rafforzare-il-rapporto-tra-il-sistema-istruzione-formazione-e-il-mondo-del-lavoro","status":"publish","type":"post","link":"https:\/\/dgeric.cultura.gov.it\/en\/rafforzare-il-rapporto-tra-il-sistema-istruzione-formazione-e-il-mondo-del-lavoro\/","title":{"rendered":"Strengthen the relationship between the education and training system and the world of work"},"content":{"rendered":"<p><!--more--><\/p>\n<p>Il Ministero per i beni e le attivit\u00e0 culturali &#8211; Direzione generale Educazione e Ricerca, rappresentato dal Direttore generale Francesco Scoppola, e l\u2019Agenzia Nazionale Politiche Attive del Lavoro (ANPAL), rappresentata dal Presidente Maurizio Del Conte, in data 8 novembre 2018, hanno sottoscritto il protocollo d\u2019intesa &#8220;Rafforzare il rapporto tra il sistema istruzione, formazione e il mondo del lavoro&#8221;.<\/p>\n<p>L\u2019obiettivo del protocollo \u00e8 quello di attivare un percorso virtuoso di collaborazione, volto a promuovere la realt\u00e0 delle professioni applicate al patrimonio culturale mediante lo strumento dell\u2019alternanza scuola-lavoro o i percorsi per le competenze trasversali e l\u2019orientamento, a consolidare l\u2019apprendimento fondato sul saper fare, e a sviluppare le competenze tecnico-professionali, tecnologiche, scientifiche e operative degli studenti.<\/p>\n<p>Finalit\u00e0 condivisa \u00e8 quella di pervenire, attraverso il coinvolgimento di alcuni tra i circa mille istituti scolastici gi\u00e0 individuati sul territorio e gli uffici centrali e periferici del MiBAC, alla progettazione di un \u201cmodello formativo\u201d per la realizzazione di percorsi di alternanza scuola lavoro omogenei e coerenti con i profili professionali tipici del settore cultura.<\/p>\n<p>Le diverse competenze istituzionali degli uffici del Ministero consentiranno di poter presentare agli studenti la variet\u00e0 dei possibili sbocchi professionali, oltre alla ricca articolazione di funzioni anche all\u2019interno di un medesimo ruolo (che si declina in ambito tecnico, scientifico, amministrativo, etc.).<\/p>\n<p>Si tratta, a titolo meramente esemplificativo, di archeologi, storici dell\u2019arte, architetti, ma anche di restauratori, biologi, chimici, archivisti e bibliotecari, come di figure di formazione giuridica o amministrativo-gestionale.<\/p>\n<p>L\u2019accordo ha, in altre parole, un duplice scopo: coniugare le finalit\u00e0 educative del sistema dell\u2019istruzione e formazione con le esigenze del mondo produttivo, nella prospettiva di una loro maggiore integrazione che consenta ai giovani l\u2019acquisizione di competenze coerenti e spendibili nel mercato del lavoro; promuovere un rapporto strutturato e organico tra il mondo del lavoro, il sistema di istruzione e formazione attraverso la sensibilizzazione svolta a livello territoriale sui temi dell\u2019alternanza scuola-lavoro e dell\u2019inserimento dei giovani in percorsi di transizione tra sistema di istruzione, formazione e lavoro.<\/p>","protected":false},"excerpt":{"rendered":"","protected":false},"author":1,"featured_media":312,"comment_status":"closed","ping_status":"closed","sticky":false,"template":"","format":"standard","meta":{"footnotes":""},"categories":[13,15,189],"tags":[],"class_list":["post-49","post","type-post","status-publish","format-standard","has-post-thumbnail","hentry","category-educazione","category-formazione","category-tutti-articoli"],"acf":[],"yoast_head":"<!-- This site is optimized with the Yoast SEO plugin v23.3 - https:\/\/yoast.com\/wordpress\/plugins\/seo\/ -->\n<title>Rafforzare il rapporto tra il sistema istruzione, formazione e il mondo del lavoro - Direzione Generale Educazione, ricerca e istituti culturali<\/title>\n<meta name=\"description\" content=\"MiBAC e ANPAL hanno firmato un protocollo di intesa per &quot;Rafforzare il rapporto tra il sistema istruzione, formazione e il mondo del lavoro&quot;\" \/>\n<meta name=\"robots\" content=\"index, follow, max-snippet:-1, max-image-preview:large, max-video-preview:-1\" \/>\n<link rel=\"canonical\" href=\"https:\/\/dgeric.cultura.gov.it\/en\/rafforzare-il-rapporto-tra-il-sistema-istruzione-formazione-e-il-mondo-del-lavoro\/\" \/>\n<meta property=\"og:locale\" content=\"en_GB\" \/>\n<meta property=\"og:type\" content=\"article\" \/>\n<meta property=\"og:title\" content=\"Rafforzare il rapporto tra il sistema istruzione, formazione e il mondo del lavoro - Direzione Generale Educazione, ricerca e istituti culturali\" \/>\n<meta property=\"og:description\" content=\"MiBAC e ANPAL hanno firmato un protocollo di intesa per &quot;Rafforzare il rapporto tra il sistema istruzione, formazione e il mondo del lavoro&quot;\" \/>\n<meta property=\"og:url\" content=\"https:\/\/dgeric.cultura.gov.it\/en\/rafforzare-il-rapporto-tra-il-sistema-istruzione-formazione-e-il-mondo-del-lavoro\/\" \/>\n<meta property=\"og:site_name\" content=\"Direzione Generale Educazione, ricerca e istituti culturali\" \/>\n<meta property=\"article:publisher\" content=\"https:\/\/www.facebook.com\/dger.web\" \/>\n<meta property=\"article:published_time\" content=\"2018-11-08T08:48:43+00:00\" \/>\n<meta property=\"article:modified_time\" content=\"2022-12-21T17:27:35+00:00\" \/>\n<meta property=\"og:image\" content=\"https:\/\/dgeric.cultura.gov.it\/wp-content\/uploads\/2018\/11\/Accordo_Mibac_Anpal.jpg\" \/>\n\t<meta property=\"og:image:width\" content=\"360\" \/>\n\t<meta property=\"og:image:height\" content=\"273\" \/>\n\t<meta property=\"og:image:type\" content=\"image\/jpeg\" \/>\n<meta name=\"author\" content=\"admin\" \/>\n<meta name=\"twitter:card\" content=\"summary_large_image\" \/>\n<meta name=\"twitter:label1\" content=\"Written by\" \/>\n\t<meta name=\"twitter:data1\" content=\"admin\" \/>\n\t<meta name=\"twitter:label2\" content=\"Estimated reading time\" \/>\n\t<meta name=\"twitter:data2\" content=\"2 minutes\" \/>\n<script type=\"application\/ld+json\" class=\"yoast-schema-graph\">{\"@context\":\"https:\/\/schema.org\",\"@graph\":[{\"@type\":\"WebPage\",\"@id\":\"https:\/\/dgeric.cultura.gov.it\/en\/rafforzare-il-rapporto-tra-il-sistema-istruzione-formazione-e-il-mondo-del-lavoro\/\",\"url\":\"https:\/\/dgeric.cultura.gov.it\/en\/rafforzare-il-rapporto-tra-il-sistema-istruzione-formazione-e-il-mondo-del-lavoro\/\",\"name\":\"Rafforzare il rapporto tra il sistema istruzione, formazione e il mondo del lavoro - Direzione Generale Educazione, ricerca e istituti culturali\",\"isPartOf\":{\"@id\":\"https:\/\/dgeric.cultura.gov.it\/#website\"},\"primaryImageOfPage\":{\"@id\":\"https:\/\/dgeric.cultura.gov.it\/en\/rafforzare-il-rapporto-tra-il-sistema-istruzione-formazione-e-il-mondo-del-lavoro\/#primaryimage\"},\"image\":{\"@id\":\"https:\/\/dgeric.cultura.gov.it\/en\/rafforzare-il-rapporto-tra-il-sistema-istruzione-formazione-e-il-mondo-del-lavoro\/#primaryimage\"},\"thumbnailUrl\":\"https:\/\/dgeric.cultura.gov.it\/wp-content\/uploads\/2018\/11\/Accordo_Mibac_Anpal.jpg\",\"datePublished\":\"2018-11-08T08:48:43+00:00\",\"dateModified\":\"2022-12-21T17:27:35+00:00\",\"author\":{\"@id\":\"https:\/\/dgeric.cultura.gov.it\/#\/schema\/person\/3e34c1de5522b9b23d7191788dea88df\"},\"description\":\"MiBAC e ANPAL hanno firmato un protocollo di intesa per \\\"Rafforzare il rapporto tra il sistema istruzione, formazione e il mondo del lavoro\\\"\",\"breadcrumb\":{\"@id\":\"https:\/\/dgeric.cultura.gov.it\/en\/rafforzare-il-rapporto-tra-il-sistema-istruzione-formazione-e-il-mondo-del-lavoro\/#breadcrumb\"},\"inLanguage\":\"en-GB\",\"potentialAction\":[{\"@type\":\"ReadAction\",\"target\":[\"https:\/\/dgeric.cultura.gov.it\/en\/rafforzare-il-rapporto-tra-il-sistema-istruzione-formazione-e-il-mondo-del-lavoro\/\"]}]},{\"@type\":\"ImageObject\",\"inLanguage\":\"en-GB\",\"@id\":\"https:\/\/dgeric.cultura.gov.it\/en\/rafforzare-il-rapporto-tra-il-sistema-istruzione-formazione-e-il-mondo-del-lavoro\/#primaryimage\",\"url\":\"https:\/\/dgeric.cultura.gov.it\/wp-content\/uploads\/2018\/11\/Accordo_Mibac_Anpal.jpg\",\"contentUrl\":\"https:\/\/dgeric.cultura.gov.it\/wp-content\/uploads\/2018\/11\/Accordo_Mibac_Anpal.jpg\",\"width\":360,\"height\":273,\"caption\":\"Accordo Mibac-Anpal\"},{\"@type\":\"BreadcrumbList\",\"@id\":\"https:\/\/dgeric.cultura.gov.it\/en\/rafforzare-il-rapporto-tra-il-sistema-istruzione-formazione-e-il-mondo-del-lavoro\/#breadcrumb\",\"itemListElement\":[{\"@type\":\"ListItem\",\"position\":1,\"name\":\"Home\",\"item\":\"https:\/\/dgeric.cultura.gov.it\/\"},{\"@type\":\"ListItem\",\"position\":2,\"name\":\"Rafforzare il rapporto tra il sistema istruzione, formazione e il mondo del lavoro\"}]},{\"@type\":\"WebSite\",\"@id\":\"https:\/\/dgeric.cultura.gov.it\/#website\",\"url\":\"https:\/\/dgeric.cultura.gov.it\/\",\"name\":\"Direzione Generale Educazione, ricerca e istituti culturali\",\"description\":\"Il nuovo sito web della Direzione generale Educazione, ricerca e istituti culturali del Ministero della cultura\",\"alternateName\":\"dgeric\",\"potentialAction\":[{\"@type\":\"SearchAction\",\"target\":{\"@type\":\"EntryPoint\",\"urlTemplate\":\"https:\/\/dgeric.cultura.gov.it\/?s={search_term_string}\"},\"query-input\":\"required name=search_term_string\"}],\"inLanguage\":\"en-GB\"},{\"@type\":\"Person\",\"@id\":\"https:\/\/dgeric.cultura.gov.it\/#\/schema\/person\/3e34c1de5522b9b23d7191788dea88df\",\"name\":\"admin\",\"image\":{\"@type\":\"ImageObject\",\"inLanguage\":\"en-GB\",\"@id\":\"https:\/\/dgeric.cultura.gov.it\/#\/schema\/person\/image\/\",\"url\":\"https:\/\/secure.gravatar.com\/avatar\/73ce2d0d8c284cac6a168ef6fc4c913c1ecb8094b478747cc9378e8b01051435?s=96&d=mm&r=g\",\"contentUrl\":\"https:\/\/secure.gravatar.com\/avatar\/73ce2d0d8c284cac6a168ef6fc4c913c1ecb8094b478747cc9378e8b01051435?s=96&d=mm&r=g\",\"caption\":\"admin\"},\"sameAs\":[\"http:\/\/dgeric.cultura.gov.it\"],\"url\":\"https:\/\/dgeric.cultura.gov.it\/en\/author\/admin\/\"}]}<\/script>\n<!-- \/ Yoast SEO plugin. -->","yoast_head_json":{"title":"Rafforzare il rapporto tra il sistema istruzione, formazione e il mondo del lavoro - Direzione Generale Educazione, ricerca e istituti culturali","description":"MiBAC e ANPAL hanno firmato un protocollo di intesa per \"Rafforzare il rapporto tra il sistema istruzione, formazione e il mondo del lavoro\"","robots":{"index":"index","follow":"follow","max-snippet":"max-snippet:-1","max-image-preview":"max-image-preview:large","max-video-preview":"max-video-preview:-1"},"canonical":"https:\/\/dgeric.cultura.gov.it\/en\/rafforzare-il-rapporto-tra-il-sistema-istruzione-formazione-e-il-mondo-del-lavoro\/","og_locale":"en_GB","og_type":"article","og_title":"Rafforzare il rapporto tra il sistema istruzione, formazione e il mondo del lavoro - Direzione Generale Educazione, ricerca e istituti culturali","og_description":"MiBAC e ANPAL hanno firmato un protocollo di intesa per \"Rafforzare il rapporto tra il sistema istruzione, formazione e il mondo del lavoro\"","og_url":"https:\/\/dgeric.cultura.gov.it\/en\/rafforzare-il-rapporto-tra-il-sistema-istruzione-formazione-e-il-mondo-del-lavoro\/","og_site_name":"Direzione Generale Educazione, ricerca e istituti culturali","article_publisher":"https:\/\/www.facebook.com\/dger.web","article_published_time":"2018-11-08T08:48:43+00:00","article_modified_time":"2022-12-21T17:27:35+00:00","og_image":[{"width":360,"height":273,"url":"https:\/\/dgeric.cultura.gov.it\/wp-content\/uploads\/2018\/11\/Accordo_Mibac_Anpal.jpg","type":"image\/jpeg"}],"author":"admin","twitter_card":"summary_large_image","twitter_misc":{"Written by":"admin","Estimated reading time":"2 minutes"},"schema":{"@context":"https:\/\/schema.org","@graph":[{"@type":"WebPage","@id":"https:\/\/dgeric.cultura.gov.it\/en\/rafforzare-il-rapporto-tra-il-sistema-istruzione-formazione-e-il-mondo-del-lavoro\/","url":"https:\/\/dgeric.cultura.gov.it\/en\/rafforzare-il-rapporto-tra-il-sistema-istruzione-formazione-e-il-mondo-del-lavoro\/","name":"Rafforzare il rapporto tra il sistema istruzione, formazione e il mondo del lavoro - Direzione Generale Educazione, ricerca e istituti culturali","isPartOf":{"@id":"https:\/\/dgeric.cultura.gov.it\/#website"},"primaryImageOfPage":{"@id":"https:\/\/dgeric.cultura.gov.it\/en\/rafforzare-il-rapporto-tra-il-sistema-istruzione-formazione-e-il-mondo-del-lavoro\/#primaryimage"},"image":{"@id":"https:\/\/dgeric.cultura.gov.it\/en\/rafforzare-il-rapporto-tra-il-sistema-istruzione-formazione-e-il-mondo-del-lavoro\/#primaryimage"},"thumbnailUrl":"https:\/\/dgeric.cultura.gov.it\/wp-content\/uploads\/2018\/11\/Accordo_Mibac_Anpal.jpg","datePublished":"2018-11-08T08:48:43+00:00","dateModified":"2022-12-21T17:27:35+00:00","author":{"@id":"https:\/\/dgeric.cultura.gov.it\/#\/schema\/person\/3e34c1de5522b9b23d7191788dea88df"},"description":"MiBAC e ANPAL hanno firmato un protocollo di intesa per \"Rafforzare il rapporto tra il sistema istruzione, formazione e il mondo del lavoro\"","breadcrumb":{"@id":"https:\/\/dgeric.cultura.gov.it\/en\/rafforzare-il-rapporto-tra-il-sistema-istruzione-formazione-e-il-mondo-del-lavoro\/#breadcrumb"},"inLanguage":"en-GB","potentialAction":[{"@type":"ReadAction","target":["https:\/\/dgeric.cultura.gov.it\/en\/rafforzare-il-rapporto-tra-il-sistema-istruzione-formazione-e-il-mondo-del-lavoro\/"]}]},{"@type":"ImageObject","inLanguage":"en-GB","@id":"https:\/\/dgeric.cultura.gov.it\/en\/rafforzare-il-rapporto-tra-il-sistema-istruzione-formazione-e-il-mondo-del-lavoro\/#primaryimage","url":"https:\/\/dgeric.cultura.gov.it\/wp-content\/uploads\/2018\/11\/Accordo_Mibac_Anpal.jpg","contentUrl":"https:\/\/dgeric.cultura.gov.it\/wp-content\/uploads\/2018\/11\/Accordo_Mibac_Anpal.jpg","width":360,"height":273,"caption":"Accordo Mibac-Anpal"},{"@type":"BreadcrumbList","@id":"https:\/\/dgeric.cultura.gov.it\/en\/rafforzare-il-rapporto-tra-il-sistema-istruzione-formazione-e-il-mondo-del-lavoro\/#breadcrumb","itemListElement":[{"@type":"ListItem","position":1,"name":"Home","item":"https:\/\/dgeric.cultura.gov.it\/"},{"@type":"ListItem","position":2,"name":"Rafforzare il rapporto tra il sistema istruzione, formazione e il mondo del lavoro"}]},{"@type":"WebSite","@id":"https:\/\/dgeric.cultura.gov.it\/#website","url":"https:\/\/dgeric.cultura.gov.it\/","name":"Direzione Generale Educazione, ricerca e istituti culturali","description":"Il nuovo sito web della Direzione generale Educazione, ricerca e istituti culturali del Ministero della cultura","alternateName":"dgeric","potentialAction":[{"@type":"SearchAction","target":{"@type":"EntryPoint","urlTemplate":"https:\/\/dgeric.cultura.gov.it\/?s={search_term_string}"},"query-input":"required name=search_term_string"}],"inLanguage":"en-GB"},{"@type":"Person","@id":"https:\/\/dgeric.cultura.gov.it\/#\/schema\/person\/3e34c1de5522b9b23d7191788dea88df","name":"admin","image":{"@type":"ImageObject","inLanguage":"en-GB","@id":"https:\/\/dgeric.cultura.gov.it\/#\/schema\/person\/image\/","url":"https:\/\/secure.gravatar.com\/avatar\/73ce2d0d8c284cac6a168ef6fc4c913c1ecb8094b478747cc9378e8b01051435?s=96&d=mm&r=g","contentUrl":"https:\/\/secure.gravatar.com\/avatar\/73ce2d0d8c284cac6a168ef6fc4c913c1ecb8094b478747cc9378e8b01051435?s=96&d=mm&r=g","caption":"admin"},"sameAs":["http:\/\/dgeric.cultura.gov.it"],"url":"https:\/\/dgeric.cultura.gov.it\/en\/author\/admin\/"}]}},"_links":{"self":[{"href":"https:\/\/dgeric.cultura.gov.it\/en\/wp-json\/wp\/v2\/posts\/49","targetHints":{"allow":["GET"]}}],"collection":[{"href":"https:\/\/dgeric.cultura.gov.it\/en\/wp-json\/wp\/v2\/posts"}],"about":[{"href":"https:\/\/dgeric.cultura.gov.it\/en\/wp-json\/wp\/v2\/types\/post"}],"author":[{"embeddable":true,"href":"https:\/\/dgeric.cultura.gov.it\/en\/wp-json\/wp\/v2\/users\/1"}],"replies":[{"embeddable":true,"href":"https:\/\/dgeric.cultura.gov.it\/en\/wp-json\/wp\/v2\/comments?post=49"}],"version-history":[{"count":1,"href":"https:\/\/dgeric.cultura.gov.it\/en\/wp-json\/wp\/v2\/posts\/49\/revisions"}],"predecessor-version":[{"id":14318,"href":"https:\/\/dgeric.cultura.gov.it\/en\/wp-json\/wp\/v2\/posts\/49\/revisions\/14318"}],"wp:featuredmedia":[{"embeddable":true,"href":"https:\/\/dgeric.cultura.gov.it\/en\/wp-json\/wp\/v2\/media\/312"}],"wp:attachment":[{"href":"https:\/\/dgeric.cultura.gov.it\/en\/wp-json\/wp\/v2\/media?parent=49"}],"wp:term":[{"taxonomy":"category","embeddable":true,"href":"https:\/\/dgeric.cultura.gov.it\/en\/wp-json\/wp\/v2\/categories?post=49"},{"taxonomy":"post_tag","embeddable":true,"href":"https:\/\/dgeric.cultura.gov.it\/en\/wp-json\/wp\/v2\/tags?post=49"}],"curies":[{"name":"wp","href":"https:\/\/api.w.org\/{rel}","templated":true}]}}