{"id":4975,"date":"2020-12-15T10:51:49","date_gmt":"2020-12-15T09:51:49","guid":{"rendered":"http:\/\/dger.beniculturali.it\/?p=4975"},"modified":"2023-03-28T12:00:54","modified_gmt":"2023-03-28T10:00:54","slug":"fondo-giovani-per-la-cultura-avviso-di-selezione-per-tirocini-formativi","status":"publish","type":"post","link":"https:\/\/dgeric.cultura.gov.it\/en\/fondo-giovani-per-la-cultura-avviso-di-selezione-per-tirocini-formativi\/","title":{"rendered":"&quot;Youth fund for culture&quot; Notice of selection for training internships"},"content":{"rendered":"<p>\u00c8 &nbsp;online l&#8217;<strong>Avviso di selezione per l&#8217;attivazione di tirocini formativi e di orientamento per 40 giovani fino a ventinove anni di et\u00e0, che saranno impiegati per la realizzazione di progetti specifici, nel settore degli archivi e della digitalizzazione sull\u2019intero territorio nazionale<\/strong>.<\/p>\n<p>Il MiBACT &#8211; Direzione generale Educazione, ricerca e istituti culturali intende promuovere <strong>attivit\u00e0 formativa di alto livello<\/strong> nel settore dei beni e delle attivit\u00e0 culturali, gi\u00e0 avviata con successo negli anni 2014 e 2015, disciplinando le modalit\u00e0 di accesso al &#8220;<strong>Youth Fund for Culture<\/strong>&#8221; per lo svolgimento di tirocini formativi e di orientamento destinati a giovani particolarmente qualificati per l&#8217;anno 2020 e per gli anni successivi.<\/p>\n<p>I giovani selezionati parteciperanno a progetti che riguardano le attivit\u00e0 di tutela, fruizione e valorizzazione del patrimonio culturale secondo la seguente suddivisione:<\/p>\n<ul>\n<li>30 destinati all&#8217;<strong>Archivio centrale dello Stato<\/strong>, alle <strong>Soprintendenze archivistiche e bibliografiche<\/strong> e agli <strong>Archivi di Stato<\/strong>;<\/li>\n<li>10 destinati alla <strong><em>digital library<\/em><\/strong>, anche presso gli istituti afferenti, ossia l&#8217;<strong>Istituto centrale per gli archivi<\/strong>, l&#8217;<strong>Istituto centrale per i beni sonori e audiovisivi<\/strong>, l&#8217;<strong>Central institute for cataloging and documentation<\/strong> and the<strong>Istituto centrale per il catalogo unico delle biblioteche italiane<\/strong>.<\/li>\n<\/ul>\n<p>L&#8217;importo della indennit\u00e0 mensile per la partecipazione al programma di tirocini formativi e di orientamento del &#8220;Fondo giovani per la cultura&#8221; \u00e8 di 1000 euro lordi, comprensivi della copertura assicurativa.<\/p>\n<p>Tutte le informazioni relative a requisiti, titoli di studio, procedura selettiva, sedi di svolgimento del tirocinio sono contenute nell&#8217;avviso di selezione.<\/p>\n<p align=\"justify\"><strong>La domanda di partecipazione deve essere compilata ed inviata in via telematica a partire dalle ore 10,00 del 15 dicembre 2020 ed entro le ore 14 del 30 gennaio 2021<\/strong><strong> at the link&nbsp;<a href=\"https:\/\/procedimenti.beniculturali.it\/40giovani\">https:\/\/procedimenti.beniculturali.it\/40giovani<\/a>.<\/strong><\/p>\n<p><strong>INFORMAZIONE IMPORTANTE:<\/strong> il portale permette di inserire mediante men\u00f9 a tendina un solo titolo. Tuttavia, il candidato pu\u00f2 inserire ulteriori titoli tra gli allegati (mediante autodichiarazione). I titoli ulteriori nonch\u00e9 le pubblicazioni saranno valutati&nbsp; dalla commissione seguendo i criteri&nbsp; indicati nell&#8217;articolo 3 del bando.<\/p>\n<p>L&#8217;avviso \u00e8 pubblicato anche alla pagina: <a href=\"http:\/\/dger.beniculturali.it\/bandi-e-avvisi\/\">Calls and Notices<\/a><\/p>\n<p>Per informazioni relative all&#8217;avviso \u00e8 attivo l&#8217;indirizzo email: <a href=\"mailto:40giovani@beniculturali.it\" target=\"_blank\" rel=\"noopener noreferrer\">40giovani@beniculturali.it<\/a><\/p>\n<p><strong>Useful Documents<\/strong><\/p>\n<p><a href=\"http:\/\/dgeric.cultura.gov.it\/wp-content\/uploads\/2020\/12\/Bando-40_giovani-DGERIC_firmato-signed.pdf\"><strong>Avviso di selezione 40 giovani DGERIC<\/strong><\/a><\/p>\n<p><strong><a href=\"http:\/\/dgeric.cultura.gov.it\/wp-content\/uploads\/2020\/12\/FAQ-aggiornate-bando-40-giovani.pdf\">FAQs<\/a><\/strong>&nbsp;(aggiornate il 15 dicembre 2020)<\/p>\n<p><strong><a href=\"http:\/\/dgeric.cultura.gov.it\/wp-content\/uploads\/2020\/12\/istruzioni-1.pdf\">Istruzioni<\/a><\/strong><\/p>\n<p>&nbsp;<\/p>\n<p style=\"text-align: right;\">(pubblicato il 13 dicembre, ultimo aggiornamento: 16 dicembre 2020)<\/p>","protected":false},"excerpt":{"rendered":"<p>\u00c8 &nbsp;online l&#8217;Avviso di selezione per l&#8217;attivazione di tirocini formativi e di orientamento per 40 giovani fino a ventinove anni di et\u00e0, che saranno impiegati &#8230; <\/p>","protected":false},"author":1,"featured_media":5065,"comment_status":"closed","ping_status":"closed","sticky":false,"template":"","format":"standard","meta":{"footnotes":""},"categories":[6,15,189],"tags":[],"class_list":["post-4975","post","type-post","status-publish","format-standard","has-post-thumbnail","hentry","category-bandi-avvisi","category-formazione","category-tutti-articoli"],"acf":[],"yoast_head":"<!-- This site is optimized with the Yoast SEO plugin v23.3 - https:\/\/yoast.com\/wordpress\/plugins\/seo\/ -->\n<title>&quot;Fondo giovani per la cultura&quot; Avviso di selezione per tirocini formativi - Direzione Generale Educazione, ricerca e istituti culturali<\/title>\n<meta name=\"robots\" content=\"index, follow, max-snippet:-1, max-image-preview:large, max-video-preview:-1\" \/>\n<link rel=\"canonical\" href=\"https:\/\/dgeric.cultura.gov.it\/en\/fondo-giovani-per-la-cultura-avviso-di-selezione-per-tirocini-formativi\/\" \/>\n<meta property=\"og:locale\" content=\"en_GB\" \/>\n<meta property=\"og:type\" content=\"article\" \/>\n<meta property=\"og:title\" content=\"&quot;Fondo giovani per la cultura&quot; Avviso di selezione per tirocini formativi - Direzione Generale Educazione, ricerca e istituti culturali\" \/>\n<meta property=\"og:description\" content=\"\u00c8 &nbsp;online l&#8217;Avviso di selezione per l&#8217;attivazione di tirocini formativi e di orientamento per 40 giovani fino a ventinove anni di et\u00e0, che saranno impiegati ...\" \/>\n<meta property=\"og:url\" content=\"https:\/\/dgeric.cultura.gov.it\/en\/fondo-giovani-per-la-cultura-avviso-di-selezione-per-tirocini-formativi\/\" \/>\n<meta property=\"og:site_name\" content=\"Direzione Generale Educazione, ricerca e istituti culturali\" \/>\n<meta property=\"article:publisher\" content=\"https:\/\/www.facebook.com\/dger.web\" \/>\n<meta property=\"article:published_time\" content=\"2020-12-15T09:51:49+00:00\" \/>\n<meta property=\"article:modified_time\" content=\"2023-03-28T10:00:54+00:00\" \/>\n<meta property=\"og:image\" content=\"https:\/\/dgeric.cultura.gov.it\/wp-content\/uploads\/2020\/12\/presentato-da-1.jpg\" \/>\n\t<meta property=\"og:image:width\" content=\"360\" \/>\n\t<meta property=\"og:image:height\" content=\"281\" \/>\n\t<meta property=\"og:image:type\" content=\"image\/jpeg\" \/>\n<meta name=\"author\" content=\"admin\" \/>\n<meta name=\"twitter:card\" content=\"summary_large_image\" \/>\n<meta name=\"twitter:label1\" content=\"Written by\" \/>\n\t<meta name=\"twitter:data1\" content=\"admin\" \/>\n\t<meta name=\"twitter:label2\" content=\"Estimated reading time\" \/>\n\t<meta name=\"twitter:data2\" content=\"2 minutes\" \/>\n<script type=\"application\/ld+json\" class=\"yoast-schema-graph\">{\"@context\":\"https:\/\/schema.org\",\"@graph\":[{\"@type\":\"WebPage\",\"@id\":\"https:\/\/dgeric.cultura.gov.it\/fondo-giovani-per-la-cultura-avviso-di-selezione-per-tirocini-formativi\/\",\"url\":\"https:\/\/dgeric.cultura.gov.it\/fondo-giovani-per-la-cultura-avviso-di-selezione-per-tirocini-formativi\/\",\"name\":\"\\\"Fondo giovani per la cultura\\\" Avviso di selezione per tirocini formativi - Direzione Generale Educazione, ricerca e istituti culturali\",\"isPartOf\":{\"@id\":\"https:\/\/dgeric.cultura.gov.it\/#website\"},\"primaryImageOfPage\":{\"@id\":\"https:\/\/dgeric.cultura.gov.it\/fondo-giovani-per-la-cultura-avviso-di-selezione-per-tirocini-formativi\/#primaryimage\"},\"image\":{\"@id\":\"https:\/\/dgeric.cultura.gov.it\/fondo-giovani-per-la-cultura-avviso-di-selezione-per-tirocini-formativi\/#primaryimage\"},\"thumbnailUrl\":\"https:\/\/dgeric.cultura.gov.it\/wp-content\/uploads\/2020\/12\/presentato-da-1.jpg\",\"datePublished\":\"2020-12-15T09:51:49+00:00\",\"dateModified\":\"2023-03-28T10:00:54+00:00\",\"author\":{\"@id\":\"https:\/\/dgeric.cultura.gov.it\/#\/schema\/person\/3e34c1de5522b9b23d7191788dea88df\"},\"breadcrumb\":{\"@id\":\"https:\/\/dgeric.cultura.gov.it\/fondo-giovani-per-la-cultura-avviso-di-selezione-per-tirocini-formativi\/#breadcrumb\"},\"inLanguage\":\"en-GB\",\"potentialAction\":[{\"@type\":\"ReadAction\",\"target\":[\"https:\/\/dgeric.cultura.gov.it\/fondo-giovani-per-la-cultura-avviso-di-selezione-per-tirocini-formativi\/\"]}]},{\"@type\":\"ImageObject\",\"inLanguage\":\"en-GB\",\"@id\":\"https:\/\/dgeric.cultura.gov.it\/fondo-giovani-per-la-cultura-avviso-di-selezione-per-tirocini-formativi\/#primaryimage\",\"url\":\"https:\/\/dgeric.cultura.gov.it\/wp-content\/uploads\/2020\/12\/presentato-da-1.jpg\",\"contentUrl\":\"https:\/\/dgeric.cultura.gov.it\/wp-content\/uploads\/2020\/12\/presentato-da-1.jpg\",\"width\":360,\"height\":281,\"caption\":\"Card Fondo giovani per la cultura\"},{\"@type\":\"BreadcrumbList\",\"@id\":\"https:\/\/dgeric.cultura.gov.it\/fondo-giovani-per-la-cultura-avviso-di-selezione-per-tirocini-formativi\/#breadcrumb\",\"itemListElement\":[{\"@type\":\"ListItem\",\"position\":1,\"name\":\"Home\",\"item\":\"https:\/\/dgeric.cultura.gov.it\/\"},{\"@type\":\"ListItem\",\"position\":2,\"name\":\"&#8220;Fondo giovani per la cultura&#8221; Avviso di selezione per tirocini formativi\"}]},{\"@type\":\"WebSite\",\"@id\":\"https:\/\/dgeric.cultura.gov.it\/#website\",\"url\":\"https:\/\/dgeric.cultura.gov.it\/\",\"name\":\"Direzione Generale Educazione, ricerca e istituti culturali\",\"description\":\"Il nuovo sito web della Direzione generale Educazione, ricerca e istituti culturali del Ministero della cultura\",\"alternateName\":\"dgeric\",\"potentialAction\":[{\"@type\":\"SearchAction\",\"target\":{\"@type\":\"EntryPoint\",\"urlTemplate\":\"https:\/\/dgeric.cultura.gov.it\/?s={search_term_string}\"},\"query-input\":\"required name=search_term_string\"}],\"inLanguage\":\"en-GB\"},{\"@type\":\"Person\",\"@id\":\"https:\/\/dgeric.cultura.gov.it\/#\/schema\/person\/3e34c1de5522b9b23d7191788dea88df\",\"name\":\"admin\",\"image\":{\"@type\":\"ImageObject\",\"inLanguage\":\"en-GB\",\"@id\":\"https:\/\/dgeric.cultura.gov.it\/#\/schema\/person\/image\/\",\"url\":\"https:\/\/secure.gravatar.com\/avatar\/73ce2d0d8c284cac6a168ef6fc4c913c1ecb8094b478747cc9378e8b01051435?s=96&d=mm&r=g\",\"contentUrl\":\"https:\/\/secure.gravatar.com\/avatar\/73ce2d0d8c284cac6a168ef6fc4c913c1ecb8094b478747cc9378e8b01051435?s=96&d=mm&r=g\",\"caption\":\"admin\"},\"sameAs\":[\"http:\/\/dgeric.cultura.gov.it\"],\"url\":\"https:\/\/dgeric.cultura.gov.it\/en\/author\/admin\/\"}]}<\/script>\n<!-- \/ Yoast SEO plugin. -->","yoast_head_json":{"title":"\"Fondo giovani per la cultura\" Avviso di selezione per tirocini formativi - Direzione Generale Educazione, ricerca e istituti culturali","robots":{"index":"index","follow":"follow","max-snippet":"max-snippet:-1","max-image-preview":"max-image-preview:large","max-video-preview":"max-video-preview:-1"},"canonical":"https:\/\/dgeric.cultura.gov.it\/en\/fondo-giovani-per-la-cultura-avviso-di-selezione-per-tirocini-formativi\/","og_locale":"en_GB","og_type":"article","og_title":"\"Fondo giovani per la cultura\" Avviso di selezione per tirocini formativi - Direzione Generale Educazione, ricerca e istituti culturali","og_description":"\u00c8 &nbsp;online l&#8217;Avviso di selezione per l&#8217;attivazione di tirocini formativi e di orientamento per 40 giovani fino a ventinove anni di et\u00e0, che saranno impiegati ...","og_url":"https:\/\/dgeric.cultura.gov.it\/en\/fondo-giovani-per-la-cultura-avviso-di-selezione-per-tirocini-formativi\/","og_site_name":"Direzione Generale Educazione, ricerca e istituti culturali","article_publisher":"https:\/\/www.facebook.com\/dger.web","article_published_time":"2020-12-15T09:51:49+00:00","article_modified_time":"2023-03-28T10:00:54+00:00","og_image":[{"width":360,"height":281,"url":"https:\/\/dgeric.cultura.gov.it\/wp-content\/uploads\/2020\/12\/presentato-da-1.jpg","type":"image\/jpeg"}],"author":"admin","twitter_card":"summary_large_image","twitter_misc":{"Written by":"admin","Estimated reading time":"2 minutes"},"schema":{"@context":"https:\/\/schema.org","@graph":[{"@type":"WebPage","@id":"https:\/\/dgeric.cultura.gov.it\/fondo-giovani-per-la-cultura-avviso-di-selezione-per-tirocini-formativi\/","url":"https:\/\/dgeric.cultura.gov.it\/fondo-giovani-per-la-cultura-avviso-di-selezione-per-tirocini-formativi\/","name":"\"Fondo giovani per la cultura\" Avviso di selezione per tirocini formativi - Direzione Generale Educazione, ricerca e istituti culturali","isPartOf":{"@id":"https:\/\/dgeric.cultura.gov.it\/#website"},"primaryImageOfPage":{"@id":"https:\/\/dgeric.cultura.gov.it\/fondo-giovani-per-la-cultura-avviso-di-selezione-per-tirocini-formativi\/#primaryimage"},"image":{"@id":"https:\/\/dgeric.cultura.gov.it\/fondo-giovani-per-la-cultura-avviso-di-selezione-per-tirocini-formativi\/#primaryimage"},"thumbnailUrl":"https:\/\/dgeric.cultura.gov.it\/wp-content\/uploads\/2020\/12\/presentato-da-1.jpg","datePublished":"2020-12-15T09:51:49+00:00","dateModified":"2023-03-28T10:00:54+00:00","author":{"@id":"https:\/\/dgeric.cultura.gov.it\/#\/schema\/person\/3e34c1de5522b9b23d7191788dea88df"},"breadcrumb":{"@id":"https:\/\/dgeric.cultura.gov.it\/fondo-giovani-per-la-cultura-avviso-di-selezione-per-tirocini-formativi\/#breadcrumb"},"inLanguage":"en-GB","potentialAction":[{"@type":"ReadAction","target":["https:\/\/dgeric.cultura.gov.it\/fondo-giovani-per-la-cultura-avviso-di-selezione-per-tirocini-formativi\/"]}]},{"@type":"ImageObject","inLanguage":"en-GB","@id":"https:\/\/dgeric.cultura.gov.it\/fondo-giovani-per-la-cultura-avviso-di-selezione-per-tirocini-formativi\/#primaryimage","url":"https:\/\/dgeric.cultura.gov.it\/wp-content\/uploads\/2020\/12\/presentato-da-1.jpg","contentUrl":"https:\/\/dgeric.cultura.gov.it\/wp-content\/uploads\/2020\/12\/presentato-da-1.jpg","width":360,"height":281,"caption":"Card Fondo giovani per la cultura"},{"@type":"BreadcrumbList","@id":"https:\/\/dgeric.cultura.gov.it\/fondo-giovani-per-la-cultura-avviso-di-selezione-per-tirocini-formativi\/#breadcrumb","itemListElement":[{"@type":"ListItem","position":1,"name":"Home","item":"https:\/\/dgeric.cultura.gov.it\/"},{"@type":"ListItem","position":2,"name":"&#8220;Fondo giovani per la cultura&#8221; Avviso di selezione per tirocini formativi"}]},{"@type":"WebSite","@id":"https:\/\/dgeric.cultura.gov.it\/#website","url":"https:\/\/dgeric.cultura.gov.it\/","name":"Direzione Generale Educazione, ricerca e istituti culturali","description":"Il nuovo sito web della Direzione generale Educazione, ricerca e istituti culturali del Ministero della cultura","alternateName":"dgeric","potentialAction":[{"@type":"SearchAction","target":{"@type":"EntryPoint","urlTemplate":"https:\/\/dgeric.cultura.gov.it\/?s={search_term_string}"},"query-input":"required name=search_term_string"}],"inLanguage":"en-GB"},{"@type":"Person","@id":"https:\/\/dgeric.cultura.gov.it\/#\/schema\/person\/3e34c1de5522b9b23d7191788dea88df","name":"admin","image":{"@type":"ImageObject","inLanguage":"en-GB","@id":"https:\/\/dgeric.cultura.gov.it\/#\/schema\/person\/image\/","url":"https:\/\/secure.gravatar.com\/avatar\/73ce2d0d8c284cac6a168ef6fc4c913c1ecb8094b478747cc9378e8b01051435?s=96&d=mm&r=g","contentUrl":"https:\/\/secure.gravatar.com\/avatar\/73ce2d0d8c284cac6a168ef6fc4c913c1ecb8094b478747cc9378e8b01051435?s=96&d=mm&r=g","caption":"admin"},"sameAs":["http:\/\/dgeric.cultura.gov.it"],"url":"https:\/\/dgeric.cultura.gov.it\/en\/author\/admin\/"}]}},"_links":{"self":[{"href":"https:\/\/dgeric.cultura.gov.it\/en\/wp-json\/wp\/v2\/posts\/4975","targetHints":{"allow":["GET"]}}],"collection":[{"href":"https:\/\/dgeric.cultura.gov.it\/en\/wp-json\/wp\/v2\/posts"}],"about":[{"href":"https:\/\/dgeric.cultura.gov.it\/en\/wp-json\/wp\/v2\/types\/post"}],"author":[{"embeddable":true,"href":"https:\/\/dgeric.cultura.gov.it\/en\/wp-json\/wp\/v2\/users\/1"}],"replies":[{"embeddable":true,"href":"https:\/\/dgeric.cultura.gov.it\/en\/wp-json\/wp\/v2\/comments?post=4975"}],"version-history":[{"count":2,"href":"https:\/\/dgeric.cultura.gov.it\/en\/wp-json\/wp\/v2\/posts\/4975\/revisions"}],"predecessor-version":[{"id":16869,"href":"https:\/\/dgeric.cultura.gov.it\/en\/wp-json\/wp\/v2\/posts\/4975\/revisions\/16869"}],"wp:featuredmedia":[{"embeddable":true,"href":"https:\/\/dgeric.cultura.gov.it\/en\/wp-json\/wp\/v2\/media\/5065"}],"wp:attachment":[{"href":"https:\/\/dgeric.cultura.gov.it\/en\/wp-json\/wp\/v2\/media?parent=4975"}],"wp:term":[{"taxonomy":"category","embeddable":true,"href":"https:\/\/dgeric.cultura.gov.it\/en\/wp-json\/wp\/v2\/categories?post=4975"},{"taxonomy":"post_tag","embeddable":true,"href":"https:\/\/dgeric.cultura.gov.it\/en\/wp-json\/wp\/v2\/tags?post=4975"}],"curies":[{"name":"wp","href":"https:\/\/api.w.org\/{rel}","templated":true}]}}