{"id":6308,"date":"2021-03-03T14:56:46","date_gmt":"2021-03-03T13:56:46","guid":{"rendered":"https:\/\/dger.beniculturali.it\/?p=6308"},"modified":"2022-12-21T18:24:59","modified_gmt":"2022-12-21T17:24:59","slug":"giornata-nazionale-del-paesaggio-14-marzo-2021","status":"publish","type":"post","link":"https:\/\/dgeric.cultura.gov.it\/en\/giornata-nazionale-del-paesaggio-14-marzo-2021\/","title":{"rendered":"Celebrazione della Giornata nazionale del Paesaggio &#8211; 14 marzo 2021"},"content":{"rendered":"<p>On <strong>14 marzo<\/strong> si celebra la <strong>Giornata nazionale del Paesaggio<\/strong> istituita dal Ministero con l\u2019obiettivo di promuovere la cultura del paesaggio e sensibilizzare i cittadini, attraverso attivit\u00e0 sull\u2019intero territorio nazionale.<\/p>\n<p>In occasione della giornata sar\u00e0 consegnato anche il <strong>National Landscape Award<\/strong>, un importante riconoscimento che il Ministero attribuisce agli attuatori di buone pratiche per la qualit\u00e0 del paesaggio e della vita delle comunit\u00e0 locali, capaci di testimoniare le potenzialit\u00e0 del Patrimonio culturale attraverso la creazione di economie sostenibili e la diffusione e la divulgazione di valori etici e culturali.<\/p>\n<p>Il Premio \u00e8 conferito ogni due anni al progetto che costituisce la candidatura italiana al <strong>Premio del Paesaggio del Consiglio d\u2019Europa<\/strong>, quest\u2019anno alla VII edizione e la cui procedura di selezione si \u00e8 recentemente conclusa.<\/p>\n<p>Tutti gli eventi organizzati presso musei, siti archeologici, biblioteche, archivi, uffici e istituti del <a href=\"https:\/\/www.beniculturali.it\/\">Ministry of Culture<\/a> o promossi da Associazioni ed Enti esterni, che contribuiscono alla realizzazione della giornata, saranno pubblicati sul sito del Ministero nella sezione dedicata agli \u201cEventi culturali\u201d al link:<\/p>\n<p><strong><a href=\"https:\/\/www.beniculturali.it\/evento\/giornatanazionaledelpaesaggio2021\">https:\/\/www.beniculturali.it\/evento\/giornatanazionaledelpaesaggio2021<\/a><\/strong><\/p>\n<p>&nbsp;<\/p>","protected":false},"excerpt":{"rendered":"<p>Il 14 marzo si celebra la Giornata nazionale del Paesaggio istituita dal Ministero con l\u2019obiettivo di promuovere la cultura del paesaggio e sensibilizzare i cittadini, &#8230; <\/p>","protected":false},"author":1,"featured_media":6526,"comment_status":"closed","ping_status":"closed","sticky":false,"template":"","format":"standard","meta":{"footnotes":""},"categories":[13,14,21,189],"tags":[],"class_list":["post-6308","post","type-post","status-publish","format-standard","has-post-thumbnail","hentry","category-educazione","category-eventi","category-paesaggio","category-tutti-articoli"],"acf":[],"yoast_head":"<!-- This site is optimized with the Yoast SEO plugin v23.3 - https:\/\/yoast.com\/wordpress\/plugins\/seo\/ -->\n<title>Celebrazione della Giornata nazionale del Paesaggio - 14 marzo 2021 - Direzione Generale Educazione, ricerca e istituti culturali<\/title>\n<meta name=\"description\" content=\"Il 14 marzo si celebra la Giornata nazionale del Paesaggio istituita dal Ministero con l\u2019obiettivo di promuovere la cultura del paesaggio.\" \/>\n<meta name=\"robots\" content=\"index, follow, max-snippet:-1, max-image-preview:large, max-video-preview:-1\" \/>\n<link rel=\"canonical\" href=\"https:\/\/dgeric.cultura.gov.it\/en\/giornata-nazionale-del-paesaggio-14-marzo-2021\/\" \/>\n<meta property=\"og:locale\" content=\"en_GB\" \/>\n<meta property=\"og:type\" content=\"article\" \/>\n<meta property=\"og:title\" content=\"Celebrazione della Giornata nazionale del Paesaggio - 14 marzo 2021 - Direzione Generale Educazione, ricerca e istituti culturali\" \/>\n<meta property=\"og:description\" content=\"Il 14 marzo si celebra la Giornata nazionale del Paesaggio istituita dal Ministero con l\u2019obiettivo di promuovere la cultura del paesaggio.\" \/>\n<meta property=\"og:url\" content=\"https:\/\/dgeric.cultura.gov.it\/en\/giornata-nazionale-del-paesaggio-14-marzo-2021\/\" \/>\n<meta property=\"og:site_name\" content=\"Direzione Generale Educazione, ricerca e istituti culturali\" \/>\n<meta property=\"article:publisher\" content=\"https:\/\/www.facebook.com\/dger.web\" \/>\n<meta property=\"article:published_time\" content=\"2021-03-03T13:56:46+00:00\" \/>\n<meta property=\"article:modified_time\" content=\"2022-12-21T17:24:59+00:00\" \/>\n<meta property=\"og:image\" content=\"https:\/\/dgeric.cultura.gov.it\/wp-content\/uploads\/2021\/03\/14-marzo-Giornata-nazionale-del-paesaggio-logo-1-home.png\" \/>\n\t<meta property=\"og:image:width\" content=\"360\" \/>\n\t<meta property=\"og:image:height\" content=\"273\" \/>\n\t<meta property=\"og:image:type\" content=\"image\/png\" \/>\n<meta name=\"author\" content=\"admin\" \/>\n<meta name=\"twitter:card\" content=\"summary_large_image\" \/>\n<meta name=\"twitter:label1\" content=\"Written by\" \/>\n\t<meta name=\"twitter:data1\" content=\"admin\" \/>\n\t<meta name=\"twitter:label2\" content=\"Estimated reading time\" \/>\n\t<meta name=\"twitter:data2\" content=\"1 minute\" \/>\n<script type=\"application\/ld+json\" class=\"yoast-schema-graph\">{\"@context\":\"https:\/\/schema.org\",\"@graph\":[{\"@type\":\"WebPage\",\"@id\":\"https:\/\/dgeric.cultura.gov.it\/giornata-nazionale-del-paesaggio-14-marzo-2021\/\",\"url\":\"https:\/\/dgeric.cultura.gov.it\/giornata-nazionale-del-paesaggio-14-marzo-2021\/\",\"name\":\"Celebrazione della Giornata nazionale del Paesaggio - 14 marzo 2021 - Direzione Generale Educazione, ricerca e istituti culturali\",\"isPartOf\":{\"@id\":\"https:\/\/dgeric.cultura.gov.it\/#website\"},\"primaryImageOfPage\":{\"@id\":\"https:\/\/dgeric.cultura.gov.it\/giornata-nazionale-del-paesaggio-14-marzo-2021\/#primaryimage\"},\"image\":{\"@id\":\"https:\/\/dgeric.cultura.gov.it\/giornata-nazionale-del-paesaggio-14-marzo-2021\/#primaryimage\"},\"thumbnailUrl\":\"https:\/\/dgeric.cultura.gov.it\/wp-content\/uploads\/2021\/03\/14-marzo-Giornata-nazionale-del-paesaggio-logo-1-home.png\",\"datePublished\":\"2021-03-03T13:56:46+00:00\",\"dateModified\":\"2022-12-21T17:24:59+00:00\",\"author\":{\"@id\":\"https:\/\/dgeric.cultura.gov.it\/#\/schema\/person\/3e34c1de5522b9b23d7191788dea88df\"},\"description\":\"Il 14 marzo si celebra la Giornata nazionale del Paesaggio istituita dal Ministero con l\u2019obiettivo di promuovere la cultura del paesaggio.\",\"breadcrumb\":{\"@id\":\"https:\/\/dgeric.cultura.gov.it\/giornata-nazionale-del-paesaggio-14-marzo-2021\/#breadcrumb\"},\"inLanguage\":\"en-GB\",\"potentialAction\":[{\"@type\":\"ReadAction\",\"target\":[\"https:\/\/dgeric.cultura.gov.it\/giornata-nazionale-del-paesaggio-14-marzo-2021\/\"]}]},{\"@type\":\"ImageObject\",\"inLanguage\":\"en-GB\",\"@id\":\"https:\/\/dgeric.cultura.gov.it\/giornata-nazionale-del-paesaggio-14-marzo-2021\/#primaryimage\",\"url\":\"https:\/\/dgeric.cultura.gov.it\/wp-content\/uploads\/2021\/03\/14-marzo-Giornata-nazionale-del-paesaggio-logo-1-home.png\",\"contentUrl\":\"https:\/\/dgeric.cultura.gov.it\/wp-content\/uploads\/2021\/03\/14-marzo-Giornata-nazionale-del-paesaggio-logo-1-home.png\",\"width\":360,\"height\":273,\"caption\":\"Logo Giornata del paesaggio 14 marzo 2021 (MiC)\"},{\"@type\":\"BreadcrumbList\",\"@id\":\"https:\/\/dgeric.cultura.gov.it\/giornata-nazionale-del-paesaggio-14-marzo-2021\/#breadcrumb\",\"itemListElement\":[{\"@type\":\"ListItem\",\"position\":1,\"name\":\"Home\",\"item\":\"https:\/\/dgeric.cultura.gov.it\/\"},{\"@type\":\"ListItem\",\"position\":2,\"name\":\"Celebrazione della Giornata nazionale del Paesaggio &#8211; 14 marzo 2021\"}]},{\"@type\":\"WebSite\",\"@id\":\"https:\/\/dgeric.cultura.gov.it\/#website\",\"url\":\"https:\/\/dgeric.cultura.gov.it\/\",\"name\":\"Direzione Generale Educazione, ricerca e istituti culturali\",\"description\":\"Il nuovo sito web della Direzione generale Educazione, ricerca e istituti culturali del Ministero della cultura\",\"alternateName\":\"dgeric\",\"potentialAction\":[{\"@type\":\"SearchAction\",\"target\":{\"@type\":\"EntryPoint\",\"urlTemplate\":\"https:\/\/dgeric.cultura.gov.it\/?s={search_term_string}\"},\"query-input\":\"required name=search_term_string\"}],\"inLanguage\":\"en-GB\"},{\"@type\":\"Person\",\"@id\":\"https:\/\/dgeric.cultura.gov.it\/#\/schema\/person\/3e34c1de5522b9b23d7191788dea88df\",\"name\":\"admin\",\"image\":{\"@type\":\"ImageObject\",\"inLanguage\":\"en-GB\",\"@id\":\"https:\/\/dgeric.cultura.gov.it\/#\/schema\/person\/image\/\",\"url\":\"https:\/\/secure.gravatar.com\/avatar\/73ce2d0d8c284cac6a168ef6fc4c913c1ecb8094b478747cc9378e8b01051435?s=96&d=mm&r=g\",\"contentUrl\":\"https:\/\/secure.gravatar.com\/avatar\/73ce2d0d8c284cac6a168ef6fc4c913c1ecb8094b478747cc9378e8b01051435?s=96&d=mm&r=g\",\"caption\":\"admin\"},\"sameAs\":[\"http:\/\/dgeric.cultura.gov.it\"],\"url\":\"https:\/\/dgeric.cultura.gov.it\/en\/author\/admin\/\"}]}<\/script>\n<!-- \/ Yoast SEO plugin. -->","yoast_head_json":{"title":"Celebrazione della Giornata nazionale del Paesaggio - 14 marzo 2021 - Direzione Generale Educazione, ricerca e istituti culturali","description":"Il 14 marzo si celebra la Giornata nazionale del Paesaggio istituita dal Ministero con l\u2019obiettivo di promuovere la cultura del paesaggio.","robots":{"index":"index","follow":"follow","max-snippet":"max-snippet:-1","max-image-preview":"max-image-preview:large","max-video-preview":"max-video-preview:-1"},"canonical":"https:\/\/dgeric.cultura.gov.it\/en\/giornata-nazionale-del-paesaggio-14-marzo-2021\/","og_locale":"en_GB","og_type":"article","og_title":"Celebrazione della Giornata nazionale del Paesaggio - 14 marzo 2021 - Direzione Generale Educazione, ricerca e istituti culturali","og_description":"Il 14 marzo si celebra la Giornata nazionale del Paesaggio istituita dal Ministero con l\u2019obiettivo di promuovere la cultura del paesaggio.","og_url":"https:\/\/dgeric.cultura.gov.it\/en\/giornata-nazionale-del-paesaggio-14-marzo-2021\/","og_site_name":"Direzione Generale Educazione, ricerca e istituti culturali","article_publisher":"https:\/\/www.facebook.com\/dger.web","article_published_time":"2021-03-03T13:56:46+00:00","article_modified_time":"2022-12-21T17:24:59+00:00","og_image":[{"width":360,"height":273,"url":"https:\/\/dgeric.cultura.gov.it\/wp-content\/uploads\/2021\/03\/14-marzo-Giornata-nazionale-del-paesaggio-logo-1-home.png","type":"image\/png"}],"author":"admin","twitter_card":"summary_large_image","twitter_misc":{"Written by":"admin","Estimated reading time":"1 minute"},"schema":{"@context":"https:\/\/schema.org","@graph":[{"@type":"WebPage","@id":"https:\/\/dgeric.cultura.gov.it\/giornata-nazionale-del-paesaggio-14-marzo-2021\/","url":"https:\/\/dgeric.cultura.gov.it\/giornata-nazionale-del-paesaggio-14-marzo-2021\/","name":"Celebrazione della Giornata nazionale del Paesaggio - 14 marzo 2021 - Direzione Generale Educazione, ricerca e istituti culturali","isPartOf":{"@id":"https:\/\/dgeric.cultura.gov.it\/#website"},"primaryImageOfPage":{"@id":"https:\/\/dgeric.cultura.gov.it\/giornata-nazionale-del-paesaggio-14-marzo-2021\/#primaryimage"},"image":{"@id":"https:\/\/dgeric.cultura.gov.it\/giornata-nazionale-del-paesaggio-14-marzo-2021\/#primaryimage"},"thumbnailUrl":"https:\/\/dgeric.cultura.gov.it\/wp-content\/uploads\/2021\/03\/14-marzo-Giornata-nazionale-del-paesaggio-logo-1-home.png","datePublished":"2021-03-03T13:56:46+00:00","dateModified":"2022-12-21T17:24:59+00:00","author":{"@id":"https:\/\/dgeric.cultura.gov.it\/#\/schema\/person\/3e34c1de5522b9b23d7191788dea88df"},"description":"Il 14 marzo si celebra la Giornata nazionale del Paesaggio istituita dal Ministero con l\u2019obiettivo di promuovere la cultura del paesaggio.","breadcrumb":{"@id":"https:\/\/dgeric.cultura.gov.it\/giornata-nazionale-del-paesaggio-14-marzo-2021\/#breadcrumb"},"inLanguage":"en-GB","potentialAction":[{"@type":"ReadAction","target":["https:\/\/dgeric.cultura.gov.it\/giornata-nazionale-del-paesaggio-14-marzo-2021\/"]}]},{"@type":"ImageObject","inLanguage":"en-GB","@id":"https:\/\/dgeric.cultura.gov.it\/giornata-nazionale-del-paesaggio-14-marzo-2021\/#primaryimage","url":"https:\/\/dgeric.cultura.gov.it\/wp-content\/uploads\/2021\/03\/14-marzo-Giornata-nazionale-del-paesaggio-logo-1-home.png","contentUrl":"https:\/\/dgeric.cultura.gov.it\/wp-content\/uploads\/2021\/03\/14-marzo-Giornata-nazionale-del-paesaggio-logo-1-home.png","width":360,"height":273,"caption":"Logo Giornata del paesaggio 14 marzo 2021 (MiC)"},{"@type":"BreadcrumbList","@id":"https:\/\/dgeric.cultura.gov.it\/giornata-nazionale-del-paesaggio-14-marzo-2021\/#breadcrumb","itemListElement":[{"@type":"ListItem","position":1,"name":"Home","item":"https:\/\/dgeric.cultura.gov.it\/"},{"@type":"ListItem","position":2,"name":"Celebrazione della Giornata nazionale del Paesaggio &#8211; 14 marzo 2021"}]},{"@type":"WebSite","@id":"https:\/\/dgeric.cultura.gov.it\/#website","url":"https:\/\/dgeric.cultura.gov.it\/","name":"Direzione Generale Educazione, ricerca e istituti culturali","description":"Il nuovo sito web della Direzione generale Educazione, ricerca e istituti culturali del Ministero della cultura","alternateName":"dgeric","potentialAction":[{"@type":"SearchAction","target":{"@type":"EntryPoint","urlTemplate":"https:\/\/dgeric.cultura.gov.it\/?s={search_term_string}"},"query-input":"required name=search_term_string"}],"inLanguage":"en-GB"},{"@type":"Person","@id":"https:\/\/dgeric.cultura.gov.it\/#\/schema\/person\/3e34c1de5522b9b23d7191788dea88df","name":"admin","image":{"@type":"ImageObject","inLanguage":"en-GB","@id":"https:\/\/dgeric.cultura.gov.it\/#\/schema\/person\/image\/","url":"https:\/\/secure.gravatar.com\/avatar\/73ce2d0d8c284cac6a168ef6fc4c913c1ecb8094b478747cc9378e8b01051435?s=96&d=mm&r=g","contentUrl":"https:\/\/secure.gravatar.com\/avatar\/73ce2d0d8c284cac6a168ef6fc4c913c1ecb8094b478747cc9378e8b01051435?s=96&d=mm&r=g","caption":"admin"},"sameAs":["http:\/\/dgeric.cultura.gov.it"],"url":"https:\/\/dgeric.cultura.gov.it\/en\/author\/admin\/"}]}},"_links":{"self":[{"href":"https:\/\/dgeric.cultura.gov.it\/en\/wp-json\/wp\/v2\/posts\/6308","targetHints":{"allow":["GET"]}}],"collection":[{"href":"https:\/\/dgeric.cultura.gov.it\/en\/wp-json\/wp\/v2\/posts"}],"about":[{"href":"https:\/\/dgeric.cultura.gov.it\/en\/wp-json\/wp\/v2\/types\/post"}],"author":[{"embeddable":true,"href":"https:\/\/dgeric.cultura.gov.it\/en\/wp-json\/wp\/v2\/users\/1"}],"replies":[{"embeddable":true,"href":"https:\/\/dgeric.cultura.gov.it\/en\/wp-json\/wp\/v2\/comments?post=6308"}],"version-history":[{"count":1,"href":"https:\/\/dgeric.cultura.gov.it\/en\/wp-json\/wp\/v2\/posts\/6308\/revisions"}],"predecessor-version":[{"id":14185,"href":"https:\/\/dgeric.cultura.gov.it\/en\/wp-json\/wp\/v2\/posts\/6308\/revisions\/14185"}],"wp:featuredmedia":[{"embeddable":true,"href":"https:\/\/dgeric.cultura.gov.it\/en\/wp-json\/wp\/v2\/media\/6526"}],"wp:attachment":[{"href":"https:\/\/dgeric.cultura.gov.it\/en\/wp-json\/wp\/v2\/media?parent=6308"}],"wp:term":[{"taxonomy":"category","embeddable":true,"href":"https:\/\/dgeric.cultura.gov.it\/en\/wp-json\/wp\/v2\/categories?post=6308"},{"taxonomy":"post_tag","embeddable":true,"href":"https:\/\/dgeric.cultura.gov.it\/en\/wp-json\/wp\/v2\/tags?post=6308"}],"curies":[{"name":"wp","href":"https:\/\/api.w.org\/{rel}","templated":true}]}}