{"id":6384,"date":"2021-02-26T08:37:55","date_gmt":"2021-02-26T07:37:55","guid":{"rendered":"https:\/\/dger.beniculturali.it\/?p=6384"},"modified":"2023-03-28T12:06:15","modified_gmt":"2023-03-28T10:06:15","slug":"interventi-in-materia-di-comitati-nazionali-e-di-edizioni-nazionali","status":"publish","type":"post","link":"https:\/\/dgeric.cultura.gov.it\/en\/interventi-in-materia-di-comitati-nazionali-e-di-edizioni-nazionali\/","title":{"rendered":"Interventions concerning National Committees and National Editions"},"content":{"rendered":"<p>Si pubblica la circolare DG-ERIC del 25 febbraio 2021, n. 6 recante &#8220;<strong>Interventi in materia di Comitati nazionali per le celebrazioni, le ricorrenze o le manifestazioni culturali e di Edizioni nazionali<\/strong>&#8220;.<\/p>\n<p>It regulates the procedures for presenting the application and the evaluation criteria for the establishment or refinancing of both the Committees and the national editions.<\/p>\n<p>Requests for the establishment of National Committees and Editions for admission to contributions are sent by the <strong>1st to 31st March<\/strong> <strong>of the previous year at the beginning of the celebrations<\/strong>.<\/p>\n<p><strong>Limitatamente all\u2019anno 2021<\/strong>, le istanze di istituzione e rifinanziamento di Comitati nazionali e di Edizioni nazionali di cui all\u2019art. 2 sono trasmesse dal <strong>1\u00b0 al 30 aprile 2021<\/strong>.<\/p>\n<p>Le istanze sono presentate esclusivamente&nbsp;<strong>in modalit\u00e0 elettronica mediante apposita piattaforma informatica<\/strong>&nbsp;available at the link:&nbsp;<strong><a href=\"http:\/\/www.istitutidgeric.beniculturali.it\/\">www.istitutidgeric.beniculturali.it<\/a><\/strong> ed \u00e8 esclusa la validit\u00e0 di qualsiasi altra modalit\u00e0 di presentazione.<\/p>\n<p>La presente circolare sostituisce la circolare del Ministero per i beni e le attivit\u00e0 culturali e per il turismo del 27 dicembre 2017, n. 103 recante \u201c<em>Interventi in materia di Comitati nazionali per le celebrazioni, le ricorrenze o le manifestazioni culturali ed Edizioni nazionali<\/em>\u201d.<\/p>\n<p><strong><a href=\"http:\/\/dgeric.cultura.gov.it\/wp-content\/uploads\/2021\/02\/15240542Circ_6-2021.pdf\">DG-ERIC Circular dated 25 February 2021, n.6<\/a><\/strong><\/p>\n<p><a href=\"https:\/\/dger.beniculturali.it\/avviso-istanze-di-istituzione-e-rifinanziamento-di-comitati-ed-edizioni-nazionali\/\">Comunicazione (29 marzo 2021)<\/a><\/p>","protected":false},"excerpt":{"rendered":"<p>Si pubblica la circolare DG-ERIC del 25 febbraio 2021, n. 6 recante &#8220;Interventi in materia di Comitati nazionali per le celebrazioni, le ricorrenze o le &#8230; <\/p>","protected":false},"author":1,"featured_media":302,"comment_status":"closed","ping_status":"closed","sticky":false,"template":"","format":"standard","meta":{"footnotes":""},"categories":[6,7,12,189],"tags":[],"class_list":["post-6384","post","type-post","status-publish","format-standard","has-post-thumbnail","hentry","category-bandi-avvisi","category-comitati-nazionali","category-edizioni-nazionali","category-tutti-articoli"],"acf":[],"yoast_head":"<!-- This site is optimized with the Yoast SEO plugin v23.3 - https:\/\/yoast.com\/wordpress\/plugins\/seo\/ -->\n<title>Interventi in materia di Comitati nazionali e di Edizioni nazionali - Direzione Generale Educazione, ricerca e istituti culturali<\/title>\n<meta name=\"description\" content=\"Online la circolare &quot;Interventi in materia di Comitati nazionali per le celebrazioni, le ricorrenze o le manifestazioni culturali e di Edizioni nazionali&quot;.\" \/>\n<meta name=\"robots\" content=\"index, follow, max-snippet:-1, max-image-preview:large, max-video-preview:-1\" \/>\n<link rel=\"canonical\" href=\"https:\/\/dgeric.cultura.gov.it\/en\/interventi-in-materia-di-comitati-nazionali-e-di-edizioni-nazionali\/\" \/>\n<meta property=\"og:locale\" content=\"en_GB\" \/>\n<meta property=\"og:type\" content=\"article\" \/>\n<meta property=\"og:title\" content=\"Interventi in materia di Comitati nazionali e di Edizioni nazionali - Direzione Generale Educazione, ricerca e istituti culturali\" \/>\n<meta property=\"og:description\" content=\"Online la circolare &quot;Interventi in materia di Comitati nazionali per le celebrazioni, le ricorrenze o le manifestazioni culturali e di Edizioni nazionali&quot;.\" \/>\n<meta property=\"og:url\" content=\"https:\/\/dgeric.cultura.gov.it\/en\/interventi-in-materia-di-comitati-nazionali-e-di-edizioni-nazionali\/\" \/>\n<meta property=\"og:site_name\" content=\"Direzione Generale Educazione, ricerca e istituti culturali\" \/>\n<meta property=\"article:publisher\" content=\"https:\/\/www.facebook.com\/dger.web\" \/>\n<meta property=\"article:published_time\" content=\"2021-02-26T07:37:55+00:00\" \/>\n<meta property=\"article:modified_time\" content=\"2023-03-28T10:06:15+00:00\" \/>\n<meta property=\"og:image\" content=\"https:\/\/dgeric.cultura.gov.it\/wp-content\/uploads\/2018\/10\/Avviso_.jpg\" \/>\n\t<meta property=\"og:image:width\" content=\"360\" \/>\n\t<meta property=\"og:image:height\" content=\"273\" \/>\n\t<meta property=\"og:image:type\" content=\"image\/jpeg\" \/>\n<meta name=\"author\" content=\"admin\" \/>\n<meta name=\"twitter:card\" content=\"summary_large_image\" \/>\n<meta name=\"twitter:label1\" content=\"Written by\" \/>\n\t<meta name=\"twitter:data1\" content=\"admin\" \/>\n\t<meta name=\"twitter:label2\" content=\"Estimated reading time\" \/>\n\t<meta name=\"twitter:data2\" content=\"2 minutes\" \/>\n<script type=\"application\/ld+json\" class=\"yoast-schema-graph\">{\"@context\":\"https:\/\/schema.org\",\"@graph\":[{\"@type\":\"WebPage\",\"@id\":\"https:\/\/dgeric.cultura.gov.it\/interventi-in-materia-di-comitati-nazionali-e-di-edizioni-nazionali\/\",\"url\":\"https:\/\/dgeric.cultura.gov.it\/interventi-in-materia-di-comitati-nazionali-e-di-edizioni-nazionali\/\",\"name\":\"Interventi in materia di Comitati nazionali e di Edizioni nazionali - Direzione Generale Educazione, ricerca e istituti culturali\",\"isPartOf\":{\"@id\":\"https:\/\/dgeric.cultura.gov.it\/#website\"},\"primaryImageOfPage\":{\"@id\":\"https:\/\/dgeric.cultura.gov.it\/interventi-in-materia-di-comitati-nazionali-e-di-edizioni-nazionali\/#primaryimage\"},\"image\":{\"@id\":\"https:\/\/dgeric.cultura.gov.it\/interventi-in-materia-di-comitati-nazionali-e-di-edizioni-nazionali\/#primaryimage\"},\"thumbnailUrl\":\"https:\/\/dgeric.cultura.gov.it\/wp-content\/uploads\/2018\/10\/Avviso_.jpg\",\"datePublished\":\"2021-02-26T07:37:55+00:00\",\"dateModified\":\"2023-03-28T10:06:15+00:00\",\"author\":{\"@id\":\"https:\/\/dgeric.cultura.gov.it\/#\/schema\/person\/3e34c1de5522b9b23d7191788dea88df\"},\"description\":\"Online la circolare \\\"Interventi in materia di Comitati nazionali per le celebrazioni, le ricorrenze o le manifestazioni culturali e di Edizioni nazionali\\\".\",\"breadcrumb\":{\"@id\":\"https:\/\/dgeric.cultura.gov.it\/interventi-in-materia-di-comitati-nazionali-e-di-edizioni-nazionali\/#breadcrumb\"},\"inLanguage\":\"en-GB\",\"potentialAction\":[{\"@type\":\"ReadAction\",\"target\":[\"https:\/\/dgeric.cultura.gov.it\/interventi-in-materia-di-comitati-nazionali-e-di-edizioni-nazionali\/\"]}]},{\"@type\":\"ImageObject\",\"inLanguage\":\"en-GB\",\"@id\":\"https:\/\/dgeric.cultura.gov.it\/interventi-in-materia-di-comitati-nazionali-e-di-edizioni-nazionali\/#primaryimage\",\"url\":\"https:\/\/dgeric.cultura.gov.it\/wp-content\/uploads\/2018\/10\/Avviso_.jpg\",\"contentUrl\":\"https:\/\/dgeric.cultura.gov.it\/wp-content\/uploads\/2018\/10\/Avviso_.jpg\",\"width\":360,\"height\":273,\"caption\":\"Icona Mail\"},{\"@type\":\"BreadcrumbList\",\"@id\":\"https:\/\/dgeric.cultura.gov.it\/interventi-in-materia-di-comitati-nazionali-e-di-edizioni-nazionali\/#breadcrumb\",\"itemListElement\":[{\"@type\":\"ListItem\",\"position\":1,\"name\":\"Home\",\"item\":\"https:\/\/dgeric.cultura.gov.it\/\"},{\"@type\":\"ListItem\",\"position\":2,\"name\":\"Interventi in materia di Comitati nazionali e di Edizioni nazionali\"}]},{\"@type\":\"WebSite\",\"@id\":\"https:\/\/dgeric.cultura.gov.it\/#website\",\"url\":\"https:\/\/dgeric.cultura.gov.it\/\",\"name\":\"Direzione Generale Educazione, ricerca e istituti culturali\",\"description\":\"Il nuovo sito web della Direzione generale Educazione, ricerca e istituti culturali del Ministero della cultura\",\"alternateName\":\"dgeric\",\"potentialAction\":[{\"@type\":\"SearchAction\",\"target\":{\"@type\":\"EntryPoint\",\"urlTemplate\":\"https:\/\/dgeric.cultura.gov.it\/?s={search_term_string}\"},\"query-input\":\"required name=search_term_string\"}],\"inLanguage\":\"en-GB\"},{\"@type\":\"Person\",\"@id\":\"https:\/\/dgeric.cultura.gov.it\/#\/schema\/person\/3e34c1de5522b9b23d7191788dea88df\",\"name\":\"admin\",\"image\":{\"@type\":\"ImageObject\",\"inLanguage\":\"en-GB\",\"@id\":\"https:\/\/dgeric.cultura.gov.it\/#\/schema\/person\/image\/\",\"url\":\"https:\/\/secure.gravatar.com\/avatar\/73ce2d0d8c284cac6a168ef6fc4c913c1ecb8094b478747cc9378e8b01051435?s=96&d=mm&r=g\",\"contentUrl\":\"https:\/\/secure.gravatar.com\/avatar\/73ce2d0d8c284cac6a168ef6fc4c913c1ecb8094b478747cc9378e8b01051435?s=96&d=mm&r=g\",\"caption\":\"admin\"},\"sameAs\":[\"http:\/\/dgeric.cultura.gov.it\"],\"url\":\"https:\/\/dgeric.cultura.gov.it\/en\/author\/admin\/\"}]}<\/script>\n<!-- \/ Yoast SEO plugin. -->","yoast_head_json":{"title":"Interventi in materia di Comitati nazionali e di Edizioni nazionali - Direzione Generale Educazione, ricerca e istituti culturali","description":"Online la circolare \"Interventi in materia di Comitati nazionali per le celebrazioni, le ricorrenze o le manifestazioni culturali e di Edizioni nazionali\".","robots":{"index":"index","follow":"follow","max-snippet":"max-snippet:-1","max-image-preview":"max-image-preview:large","max-video-preview":"max-video-preview:-1"},"canonical":"https:\/\/dgeric.cultura.gov.it\/en\/interventi-in-materia-di-comitati-nazionali-e-di-edizioni-nazionali\/","og_locale":"en_GB","og_type":"article","og_title":"Interventi in materia di Comitati nazionali e di Edizioni nazionali - Direzione Generale Educazione, ricerca e istituti culturali","og_description":"Online la circolare \"Interventi in materia di Comitati nazionali per le celebrazioni, le ricorrenze o le manifestazioni culturali e di Edizioni nazionali\".","og_url":"https:\/\/dgeric.cultura.gov.it\/en\/interventi-in-materia-di-comitati-nazionali-e-di-edizioni-nazionali\/","og_site_name":"Direzione Generale Educazione, ricerca e istituti culturali","article_publisher":"https:\/\/www.facebook.com\/dger.web","article_published_time":"2021-02-26T07:37:55+00:00","article_modified_time":"2023-03-28T10:06:15+00:00","og_image":[{"width":360,"height":273,"url":"https:\/\/dgeric.cultura.gov.it\/wp-content\/uploads\/2018\/10\/Avviso_.jpg","type":"image\/jpeg"}],"author":"admin","twitter_card":"summary_large_image","twitter_misc":{"Written by":"admin","Estimated reading time":"2 minutes"},"schema":{"@context":"https:\/\/schema.org","@graph":[{"@type":"WebPage","@id":"https:\/\/dgeric.cultura.gov.it\/interventi-in-materia-di-comitati-nazionali-e-di-edizioni-nazionali\/","url":"https:\/\/dgeric.cultura.gov.it\/interventi-in-materia-di-comitati-nazionali-e-di-edizioni-nazionali\/","name":"Interventi in materia di Comitati nazionali e di Edizioni nazionali - Direzione Generale Educazione, ricerca e istituti culturali","isPartOf":{"@id":"https:\/\/dgeric.cultura.gov.it\/#website"},"primaryImageOfPage":{"@id":"https:\/\/dgeric.cultura.gov.it\/interventi-in-materia-di-comitati-nazionali-e-di-edizioni-nazionali\/#primaryimage"},"image":{"@id":"https:\/\/dgeric.cultura.gov.it\/interventi-in-materia-di-comitati-nazionali-e-di-edizioni-nazionali\/#primaryimage"},"thumbnailUrl":"https:\/\/dgeric.cultura.gov.it\/wp-content\/uploads\/2018\/10\/Avviso_.jpg","datePublished":"2021-02-26T07:37:55+00:00","dateModified":"2023-03-28T10:06:15+00:00","author":{"@id":"https:\/\/dgeric.cultura.gov.it\/#\/schema\/person\/3e34c1de5522b9b23d7191788dea88df"},"description":"Online la circolare \"Interventi in materia di Comitati nazionali per le celebrazioni, le ricorrenze o le manifestazioni culturali e di Edizioni nazionali\".","breadcrumb":{"@id":"https:\/\/dgeric.cultura.gov.it\/interventi-in-materia-di-comitati-nazionali-e-di-edizioni-nazionali\/#breadcrumb"},"inLanguage":"en-GB","potentialAction":[{"@type":"ReadAction","target":["https:\/\/dgeric.cultura.gov.it\/interventi-in-materia-di-comitati-nazionali-e-di-edizioni-nazionali\/"]}]},{"@type":"ImageObject","inLanguage":"en-GB","@id":"https:\/\/dgeric.cultura.gov.it\/interventi-in-materia-di-comitati-nazionali-e-di-edizioni-nazionali\/#primaryimage","url":"https:\/\/dgeric.cultura.gov.it\/wp-content\/uploads\/2018\/10\/Avviso_.jpg","contentUrl":"https:\/\/dgeric.cultura.gov.it\/wp-content\/uploads\/2018\/10\/Avviso_.jpg","width":360,"height":273,"caption":"Icona Mail"},{"@type":"BreadcrumbList","@id":"https:\/\/dgeric.cultura.gov.it\/interventi-in-materia-di-comitati-nazionali-e-di-edizioni-nazionali\/#breadcrumb","itemListElement":[{"@type":"ListItem","position":1,"name":"Home","item":"https:\/\/dgeric.cultura.gov.it\/"},{"@type":"ListItem","position":2,"name":"Interventi in materia di Comitati nazionali e di Edizioni nazionali"}]},{"@type":"WebSite","@id":"https:\/\/dgeric.cultura.gov.it\/#website","url":"https:\/\/dgeric.cultura.gov.it\/","name":"Direzione Generale Educazione, ricerca e istituti culturali","description":"Il nuovo sito web della Direzione generale Educazione, ricerca e istituti culturali del Ministero della cultura","alternateName":"dgeric","potentialAction":[{"@type":"SearchAction","target":{"@type":"EntryPoint","urlTemplate":"https:\/\/dgeric.cultura.gov.it\/?s={search_term_string}"},"query-input":"required name=search_term_string"}],"inLanguage":"en-GB"},{"@type":"Person","@id":"https:\/\/dgeric.cultura.gov.it\/#\/schema\/person\/3e34c1de5522b9b23d7191788dea88df","name":"admin","image":{"@type":"ImageObject","inLanguage":"en-GB","@id":"https:\/\/dgeric.cultura.gov.it\/#\/schema\/person\/image\/","url":"https:\/\/secure.gravatar.com\/avatar\/73ce2d0d8c284cac6a168ef6fc4c913c1ecb8094b478747cc9378e8b01051435?s=96&d=mm&r=g","contentUrl":"https:\/\/secure.gravatar.com\/avatar\/73ce2d0d8c284cac6a168ef6fc4c913c1ecb8094b478747cc9378e8b01051435?s=96&d=mm&r=g","caption":"admin"},"sameAs":["http:\/\/dgeric.cultura.gov.it"],"url":"https:\/\/dgeric.cultura.gov.it\/en\/author\/admin\/"}]}},"_links":{"self":[{"href":"https:\/\/dgeric.cultura.gov.it\/en\/wp-json\/wp\/v2\/posts\/6384","targetHints":{"allow":["GET"]}}],"collection":[{"href":"https:\/\/dgeric.cultura.gov.it\/en\/wp-json\/wp\/v2\/posts"}],"about":[{"href":"https:\/\/dgeric.cultura.gov.it\/en\/wp-json\/wp\/v2\/types\/post"}],"author":[{"embeddable":true,"href":"https:\/\/dgeric.cultura.gov.it\/en\/wp-json\/wp\/v2\/users\/1"}],"replies":[{"embeddable":true,"href":"https:\/\/dgeric.cultura.gov.it\/en\/wp-json\/wp\/v2\/comments?post=6384"}],"version-history":[{"count":2,"href":"https:\/\/dgeric.cultura.gov.it\/en\/wp-json\/wp\/v2\/posts\/6384\/revisions"}],"predecessor-version":[{"id":16877,"href":"https:\/\/dgeric.cultura.gov.it\/en\/wp-json\/wp\/v2\/posts\/6384\/revisions\/16877"}],"wp:featuredmedia":[{"embeddable":true,"href":"https:\/\/dgeric.cultura.gov.it\/en\/wp-json\/wp\/v2\/media\/302"}],"wp:attachment":[{"href":"https:\/\/dgeric.cultura.gov.it\/en\/wp-json\/wp\/v2\/media?parent=6384"}],"wp:term":[{"taxonomy":"category","embeddable":true,"href":"https:\/\/dgeric.cultura.gov.it\/en\/wp-json\/wp\/v2\/categories?post=6384"},{"taxonomy":"post_tag","embeddable":true,"href":"https:\/\/dgeric.cultura.gov.it\/en\/wp-json\/wp\/v2\/tags?post=6384"}],"curies":[{"name":"wp","href":"https:\/\/api.w.org\/{rel}","templated":true}]}}