{"id":6619,"date":"2021-03-12T10:40:27","date_gmt":"2021-03-12T09:40:27","guid":{"rendered":"https:\/\/dger.beniculturali.it\/?p=6619"},"modified":"2022-12-21T18:24:59","modified_gmt":"2022-12-21T17:24:59","slug":"dal-15-marzo-al-via-le-richieste-di-contributi-per-leducazione-musicale","status":"publish","type":"post","link":"https:\/\/dgeric.cultura.gov.it\/en\/dal-15-marzo-al-via-le-richieste-di-contributi-per-leducazione-musicale\/","title":{"rendered":"Al via le richieste di contributi per l\u2019educazione musicale"},"content":{"rendered":"<p><strong>A partire dal 15 marzo<\/strong> sar\u00e0 attiva la piattaforma informatica per l&#8217;invio delle richieste di <strong>contributi per l\u2019educazione musicale di minori di 16 anni<\/strong>, previsti dall&#8217;<a href=\"http:\/\/dgeric.cultura.gov.it\/wp-content\/uploads\/2020\/12\/contributo_educazione_musicale-Avviso_pubblico-signed-2.pdf\">avviso pubblico<\/a> del Ministero, di concerto con il Ministero dell\u2019economia e finanze e il Ministero dell\u2019istruzione.<\/p>\n<p>Per l\u2019anno 2020, il contributo \u00e8 riconosciuto <strong>per le spese sostenute per la frequenza delle lezioni di musica<\/strong> <strong>dei figli minori di anni sedici<\/strong> gi\u00e0 iscritti alla data del 23 febbraio 2020 a scuole di musica iscritte nei relativi registri regionali o per la frequenza di cori, bande e scuole di musica riconosciuti da una pubblica amministrazione.<\/p>\n<p>Potranno richiedere il contributo i nuclei familiari con ISEE (indicatore della situazione economica equivalente) fino a 30.000 euro.<\/p>\n<p>Il contributo pu\u00f2 essere richiesto per una sola volta da ciascun nucleo familiare, a condizione che la spesa sia effettuata con versamento bancario o postale o mediante altri sistemi di pagamento diversi dal contante (previsti dall\u2019articolo 23 del decreto legislativo 9 luglio 1997, n. 241).<\/p>\n<p>L\u2019importo del contributo \u00e8 di <strong>200 euro per ciascun beneficiario<\/strong>, seguendo l\u2019ordine cronologico di presentazione delle domande e fino a esaurimento dell\u2019importo stanziato di <strong>10 milioni di euro<\/strong> <strong>per l\u2019anno 2020<\/strong>.<\/p>\n<p>Tutte le informazioni relative alla presentazione delle domande e all\u2019erogazione dei contributi sono contenute nell\u2019<a href=\"http:\/\/dgeric.cultura.gov.it\/wp-content\/uploads\/2020\/12\/contributo_educazione_musicale-Avviso_pubblico-signed-2.pdf\">Avviso pubblico<\/a> disponibile anche alla pagina <a href=\"http:\/\/dger.beniculturali.it\/bandi-e-avvisi\/\">Calls and Notices<\/a>.<\/p>\n<p>La domanda di partecipazione deve essere compilata ed inviata esclusivamente in via telematica a partire <strong>dal 15 marzo <\/strong><strong>2021 ed entro le ore 12 del 15 aprile 2021<\/strong>, a pena di esclusione, utilizzando la specifica applicazione informatica disponibile al link:<\/p>\n<p><a href=\"https:\/\/scuolemusica.beniculturali.it\/scuolemusica\"><strong>https:\/\/scuolemusica.beniculturali.it\/scuolemusica<\/strong><\/a><\/p>\n<p>seguendo le relative istruzioni fornite dal sistema informatico e nel manuale per il suo utilizzo.<\/p>\n<p>Per informazioni scrivere all\u2019indirizzo: <a href=\"mailto:educazionemusicale@beniculturali.it\">educazionemusicale@beniculturali.it<\/a><\/p>\n<p>Per ulteriori informazioni sul bando \u00e8 possibile contattare il numero: 06.48291339 (attivo da luned\u00ec a venerd\u00ec dalle 9 alle 13)<\/p>\n<h4><strong>Useful Documents<\/strong><\/h4>\n<p><a href=\"http:\/\/dgeric.cultura.gov.it\/wp-content\/uploads\/2021\/03\/manuale_bando_musicale-1.pdf\"><strong>Manuale per l&#8217;utilizzo del portale<\/strong><\/a><\/p>\n<p><strong><a href=\"http:\/\/dgeric.cultura.gov.it\/wp-content\/uploads\/2020\/12\/contributo_educazione_musicale-Avviso_pubblico-signed-2.pdf\">Avviso pubblico<\/a><\/strong><\/p>\n<p><a href=\"http:\/\/dgeric.cultura.gov.it\/wp-content\/uploads\/2021\/03\/FAQ-per-contributo-musicale-aggiornate.pdf\"><strong>FAQs<\/strong><\/a>\u00a0(aggiornate il 30 marzo 2021)<\/p>\n<p>&nbsp;<\/p>","protected":false},"excerpt":{"rendered":"<p>A partire dal 15 marzo sar\u00e0 attiva la piattaforma informatica per l&#8217;invio delle richieste di contributi per l\u2019educazione musicale di minori di 16 anni, previsti &#8230; <\/p>","protected":false},"author":1,"featured_media":5127,"comment_status":"closed","ping_status":"closed","sticky":false,"template":"","format":"standard","meta":{"footnotes":""},"categories":[6,13,189],"tags":[],"class_list":["post-6619","post","type-post","status-publish","format-standard","has-post-thumbnail","hentry","category-bandi-avvisi","category-educazione","category-tutti-articoli"],"acf":[],"yoast_head":"<!-- This site is optimized with the Yoast SEO plugin v23.3 - https:\/\/yoast.com\/wordpress\/plugins\/seo\/ -->\n<title>Al via le richieste di contributi per l\u2019educazione musicale - Direzione Generale Educazione, ricerca e istituti culturali<\/title>\n<meta name=\"description\" content=\"\u00c8 attiva la piattaforma informatica per l&#039;invio delle richieste di contributi per l\u2019educazione musicale di minori di 16 anni.\" \/>\n<meta name=\"robots\" content=\"index, follow, max-snippet:-1, max-image-preview:large, max-video-preview:-1\" \/>\n<link rel=\"canonical\" href=\"https:\/\/dgeric.cultura.gov.it\/en\/dal-15-marzo-al-via-le-richieste-di-contributi-per-leducazione-musicale\/\" \/>\n<meta property=\"og:locale\" content=\"en_GB\" \/>\n<meta property=\"og:type\" content=\"article\" \/>\n<meta property=\"og:title\" content=\"Al via le richieste di contributi per l\u2019educazione musicale - Direzione Generale Educazione, ricerca e istituti culturali\" \/>\n<meta property=\"og:description\" content=\"\u00c8 attiva la piattaforma informatica per l&#039;invio delle richieste di contributi per l\u2019educazione musicale di minori di 16 anni.\" \/>\n<meta property=\"og:url\" content=\"https:\/\/dgeric.cultura.gov.it\/en\/dal-15-marzo-al-via-le-richieste-di-contributi-per-leducazione-musicale\/\" \/>\n<meta property=\"og:site_name\" content=\"Direzione Generale Educazione, ricerca e istituti culturali\" \/>\n<meta property=\"article:publisher\" content=\"https:\/\/www.facebook.com\/dger.web\" \/>\n<meta property=\"article:published_time\" content=\"2021-03-12T09:40:27+00:00\" \/>\n<meta property=\"article:modified_time\" content=\"2022-12-21T17:24:59+00:00\" \/>\n<meta property=\"og:image\" content=\"https:\/\/dgeric.cultura.gov.it\/wp-content\/uploads\/2020\/12\/immagine-musica.png\" \/>\n\t<meta property=\"og:image:width\" content=\"360\" \/>\n\t<meta property=\"og:image:height\" content=\"273\" \/>\n\t<meta property=\"og:image:type\" content=\"image\/png\" \/>\n<meta name=\"author\" content=\"admin\" \/>\n<meta name=\"twitter:card\" content=\"summary_large_image\" \/>\n<meta name=\"twitter:label1\" content=\"Written by\" \/>\n\t<meta name=\"twitter:data1\" content=\"admin\" \/>\n\t<meta name=\"twitter:label2\" content=\"Estimated reading time\" \/>\n\t<meta name=\"twitter:data2\" content=\"2 minutes\" \/>\n<script type=\"application\/ld+json\" class=\"yoast-schema-graph\">{\"@context\":\"https:\/\/schema.org\",\"@graph\":[{\"@type\":\"WebPage\",\"@id\":\"https:\/\/dgeric.cultura.gov.it\/dal-15-marzo-al-via-le-richieste-di-contributi-per-leducazione-musicale\/\",\"url\":\"https:\/\/dgeric.cultura.gov.it\/dal-15-marzo-al-via-le-richieste-di-contributi-per-leducazione-musicale\/\",\"name\":\"Al via le richieste di contributi per l\u2019educazione musicale - Direzione Generale Educazione, ricerca e istituti culturali\",\"isPartOf\":{\"@id\":\"https:\/\/dgeric.cultura.gov.it\/#website\"},\"primaryImageOfPage\":{\"@id\":\"https:\/\/dgeric.cultura.gov.it\/dal-15-marzo-al-via-le-richieste-di-contributi-per-leducazione-musicale\/#primaryimage\"},\"image\":{\"@id\":\"https:\/\/dgeric.cultura.gov.it\/dal-15-marzo-al-via-le-richieste-di-contributi-per-leducazione-musicale\/#primaryimage\"},\"thumbnailUrl\":\"https:\/\/dgeric.cultura.gov.it\/wp-content\/uploads\/2020\/12\/immagine-musica.png\",\"datePublished\":\"2021-03-12T09:40:27+00:00\",\"dateModified\":\"2022-12-21T17:24:59+00:00\",\"author\":{\"@id\":\"https:\/\/dgeric.cultura.gov.it\/#\/schema\/person\/3e34c1de5522b9b23d7191788dea88df\"},\"description\":\"\u00c8 attiva la piattaforma informatica per l'invio delle richieste di contributi per l\u2019educazione musicale di minori di 16 anni.\",\"breadcrumb\":{\"@id\":\"https:\/\/dgeric.cultura.gov.it\/dal-15-marzo-al-via-le-richieste-di-contributi-per-leducazione-musicale\/#breadcrumb\"},\"inLanguage\":\"en-GB\",\"potentialAction\":[{\"@type\":\"ReadAction\",\"target\":[\"https:\/\/dgeric.cultura.gov.it\/dal-15-marzo-al-via-le-richieste-di-contributi-per-leducazione-musicale\/\"]}]},{\"@type\":\"ImageObject\",\"inLanguage\":\"en-GB\",\"@id\":\"https:\/\/dgeric.cultura.gov.it\/dal-15-marzo-al-via-le-richieste-di-contributi-per-leducazione-musicale\/#primaryimage\",\"url\":\"https:\/\/dgeric.cultura.gov.it\/wp-content\/uploads\/2020\/12\/immagine-musica.png\",\"contentUrl\":\"https:\/\/dgeric.cultura.gov.it\/wp-content\/uploads\/2020\/12\/immagine-musica.png\",\"width\":360,\"height\":273,\"caption\":\"immagine generica relativo al bando sull'educazione musicale\"},{\"@type\":\"BreadcrumbList\",\"@id\":\"https:\/\/dgeric.cultura.gov.it\/dal-15-marzo-al-via-le-richieste-di-contributi-per-leducazione-musicale\/#breadcrumb\",\"itemListElement\":[{\"@type\":\"ListItem\",\"position\":1,\"name\":\"Home\",\"item\":\"https:\/\/dgeric.cultura.gov.it\/\"},{\"@type\":\"ListItem\",\"position\":2,\"name\":\"Al via le richieste di contributi per l\u2019educazione musicale\"}]},{\"@type\":\"WebSite\",\"@id\":\"https:\/\/dgeric.cultura.gov.it\/#website\",\"url\":\"https:\/\/dgeric.cultura.gov.it\/\",\"name\":\"Direzione Generale Educazione, ricerca e istituti culturali\",\"description\":\"Il nuovo sito web della Direzione generale Educazione, ricerca e istituti culturali del Ministero della cultura\",\"alternateName\":\"dgeric\",\"potentialAction\":[{\"@type\":\"SearchAction\",\"target\":{\"@type\":\"EntryPoint\",\"urlTemplate\":\"https:\/\/dgeric.cultura.gov.it\/?s={search_term_string}\"},\"query-input\":\"required name=search_term_string\"}],\"inLanguage\":\"en-GB\"},{\"@type\":\"Person\",\"@id\":\"https:\/\/dgeric.cultura.gov.it\/#\/schema\/person\/3e34c1de5522b9b23d7191788dea88df\",\"name\":\"admin\",\"image\":{\"@type\":\"ImageObject\",\"inLanguage\":\"en-GB\",\"@id\":\"https:\/\/dgeric.cultura.gov.it\/#\/schema\/person\/image\/\",\"url\":\"https:\/\/secure.gravatar.com\/avatar\/73ce2d0d8c284cac6a168ef6fc4c913c1ecb8094b478747cc9378e8b01051435?s=96&d=mm&r=g\",\"contentUrl\":\"https:\/\/secure.gravatar.com\/avatar\/73ce2d0d8c284cac6a168ef6fc4c913c1ecb8094b478747cc9378e8b01051435?s=96&d=mm&r=g\",\"caption\":\"admin\"},\"sameAs\":[\"http:\/\/dgeric.cultura.gov.it\"],\"url\":\"https:\/\/dgeric.cultura.gov.it\/en\/author\/admin\/\"}]}<\/script>\n<!-- \/ Yoast SEO plugin. -->","yoast_head_json":{"title":"Al via le richieste di contributi per l\u2019educazione musicale - Direzione Generale Educazione, ricerca e istituti culturali","description":"\u00c8 attiva la piattaforma informatica per l'invio delle richieste di contributi per l\u2019educazione musicale di minori di 16 anni.","robots":{"index":"index","follow":"follow","max-snippet":"max-snippet:-1","max-image-preview":"max-image-preview:large","max-video-preview":"max-video-preview:-1"},"canonical":"https:\/\/dgeric.cultura.gov.it\/en\/dal-15-marzo-al-via-le-richieste-di-contributi-per-leducazione-musicale\/","og_locale":"en_GB","og_type":"article","og_title":"Al via le richieste di contributi per l\u2019educazione musicale - Direzione Generale Educazione, ricerca e istituti culturali","og_description":"\u00c8 attiva la piattaforma informatica per l'invio delle richieste di contributi per l\u2019educazione musicale di minori di 16 anni.","og_url":"https:\/\/dgeric.cultura.gov.it\/en\/dal-15-marzo-al-via-le-richieste-di-contributi-per-leducazione-musicale\/","og_site_name":"Direzione Generale Educazione, ricerca e istituti culturali","article_publisher":"https:\/\/www.facebook.com\/dger.web","article_published_time":"2021-03-12T09:40:27+00:00","article_modified_time":"2022-12-21T17:24:59+00:00","og_image":[{"width":360,"height":273,"url":"https:\/\/dgeric.cultura.gov.it\/wp-content\/uploads\/2020\/12\/immagine-musica.png","type":"image\/png"}],"author":"admin","twitter_card":"summary_large_image","twitter_misc":{"Written by":"admin","Estimated reading time":"2 minutes"},"schema":{"@context":"https:\/\/schema.org","@graph":[{"@type":"WebPage","@id":"https:\/\/dgeric.cultura.gov.it\/dal-15-marzo-al-via-le-richieste-di-contributi-per-leducazione-musicale\/","url":"https:\/\/dgeric.cultura.gov.it\/dal-15-marzo-al-via-le-richieste-di-contributi-per-leducazione-musicale\/","name":"Al via le richieste di contributi per l\u2019educazione musicale - Direzione Generale Educazione, ricerca e istituti culturali","isPartOf":{"@id":"https:\/\/dgeric.cultura.gov.it\/#website"},"primaryImageOfPage":{"@id":"https:\/\/dgeric.cultura.gov.it\/dal-15-marzo-al-via-le-richieste-di-contributi-per-leducazione-musicale\/#primaryimage"},"image":{"@id":"https:\/\/dgeric.cultura.gov.it\/dal-15-marzo-al-via-le-richieste-di-contributi-per-leducazione-musicale\/#primaryimage"},"thumbnailUrl":"https:\/\/dgeric.cultura.gov.it\/wp-content\/uploads\/2020\/12\/immagine-musica.png","datePublished":"2021-03-12T09:40:27+00:00","dateModified":"2022-12-21T17:24:59+00:00","author":{"@id":"https:\/\/dgeric.cultura.gov.it\/#\/schema\/person\/3e34c1de5522b9b23d7191788dea88df"},"description":"\u00c8 attiva la piattaforma informatica per l'invio delle richieste di contributi per l\u2019educazione musicale di minori di 16 anni.","breadcrumb":{"@id":"https:\/\/dgeric.cultura.gov.it\/dal-15-marzo-al-via-le-richieste-di-contributi-per-leducazione-musicale\/#breadcrumb"},"inLanguage":"en-GB","potentialAction":[{"@type":"ReadAction","target":["https:\/\/dgeric.cultura.gov.it\/dal-15-marzo-al-via-le-richieste-di-contributi-per-leducazione-musicale\/"]}]},{"@type":"ImageObject","inLanguage":"en-GB","@id":"https:\/\/dgeric.cultura.gov.it\/dal-15-marzo-al-via-le-richieste-di-contributi-per-leducazione-musicale\/#primaryimage","url":"https:\/\/dgeric.cultura.gov.it\/wp-content\/uploads\/2020\/12\/immagine-musica.png","contentUrl":"https:\/\/dgeric.cultura.gov.it\/wp-content\/uploads\/2020\/12\/immagine-musica.png","width":360,"height":273,"caption":"immagine generica relativo al bando sull'educazione musicale"},{"@type":"BreadcrumbList","@id":"https:\/\/dgeric.cultura.gov.it\/dal-15-marzo-al-via-le-richieste-di-contributi-per-leducazione-musicale\/#breadcrumb","itemListElement":[{"@type":"ListItem","position":1,"name":"Home","item":"https:\/\/dgeric.cultura.gov.it\/"},{"@type":"ListItem","position":2,"name":"Al via le richieste di contributi per l\u2019educazione musicale"}]},{"@type":"WebSite","@id":"https:\/\/dgeric.cultura.gov.it\/#website","url":"https:\/\/dgeric.cultura.gov.it\/","name":"Direzione Generale Educazione, ricerca e istituti culturali","description":"Il nuovo sito web della Direzione generale Educazione, ricerca e istituti culturali del Ministero della cultura","alternateName":"dgeric","potentialAction":[{"@type":"SearchAction","target":{"@type":"EntryPoint","urlTemplate":"https:\/\/dgeric.cultura.gov.it\/?s={search_term_string}"},"query-input":"required name=search_term_string"}],"inLanguage":"en-GB"},{"@type":"Person","@id":"https:\/\/dgeric.cultura.gov.it\/#\/schema\/person\/3e34c1de5522b9b23d7191788dea88df","name":"admin","image":{"@type":"ImageObject","inLanguage":"en-GB","@id":"https:\/\/dgeric.cultura.gov.it\/#\/schema\/person\/image\/","url":"https:\/\/secure.gravatar.com\/avatar\/73ce2d0d8c284cac6a168ef6fc4c913c1ecb8094b478747cc9378e8b01051435?s=96&d=mm&r=g","contentUrl":"https:\/\/secure.gravatar.com\/avatar\/73ce2d0d8c284cac6a168ef6fc4c913c1ecb8094b478747cc9378e8b01051435?s=96&d=mm&r=g","caption":"admin"},"sameAs":["http:\/\/dgeric.cultura.gov.it"],"url":"https:\/\/dgeric.cultura.gov.it\/en\/author\/admin\/"}]}},"_links":{"self":[{"href":"https:\/\/dgeric.cultura.gov.it\/en\/wp-json\/wp\/v2\/posts\/6619","targetHints":{"allow":["GET"]}}],"collection":[{"href":"https:\/\/dgeric.cultura.gov.it\/en\/wp-json\/wp\/v2\/posts"}],"about":[{"href":"https:\/\/dgeric.cultura.gov.it\/en\/wp-json\/wp\/v2\/types\/post"}],"author":[{"embeddable":true,"href":"https:\/\/dgeric.cultura.gov.it\/en\/wp-json\/wp\/v2\/users\/1"}],"replies":[{"embeddable":true,"href":"https:\/\/dgeric.cultura.gov.it\/en\/wp-json\/wp\/v2\/comments?post=6619"}],"version-history":[{"count":1,"href":"https:\/\/dgeric.cultura.gov.it\/en\/wp-json\/wp\/v2\/posts\/6619\/revisions"}],"predecessor-version":[{"id":14184,"href":"https:\/\/dgeric.cultura.gov.it\/en\/wp-json\/wp\/v2\/posts\/6619\/revisions\/14184"}],"wp:featuredmedia":[{"embeddable":true,"href":"https:\/\/dgeric.cultura.gov.it\/en\/wp-json\/wp\/v2\/media\/5127"}],"wp:attachment":[{"href":"https:\/\/dgeric.cultura.gov.it\/en\/wp-json\/wp\/v2\/media?parent=6619"}],"wp:term":[{"taxonomy":"category","embeddable":true,"href":"https:\/\/dgeric.cultura.gov.it\/en\/wp-json\/wp\/v2\/categories?post=6619"},{"taxonomy":"post_tag","embeddable":true,"href":"https:\/\/dgeric.cultura.gov.it\/en\/wp-json\/wp\/v2\/tags?post=6619"}],"curies":[{"name":"wp","href":"https:\/\/api.w.org\/{rel}","templated":true}]}}