{"id":6965,"date":"2021-03-24T17:46:53","date_gmt":"2021-03-24T16:46:53","guid":{"rendered":"https:\/\/dger.beniculturali.it\/?p=6965"},"modified":"2022-12-21T18:24:57","modified_gmt":"2022-12-21T17:24:57","slug":"webinar-dg-eric-su-competenze-istituzionali-giuridiche-e-ruolo-del-digitale-22-del-ciclo-diculther","status":"publish","type":"post","link":"https:\/\/dgeric.cultura.gov.it\/en\/webinar-dg-eric-su-competenze-istituzionali-giuridiche-e-ruolo-del-digitale-22-del-ciclo-diculther\/","title":{"rendered":"1st DG-ERIC webinar for the DiCultHer cycle &quot;Convention of Faro in the digital age&quot;"},"content":{"rendered":"<p>Will be held on <strong>26 marzo 2021<\/strong> dalle 15.30 alle 18.00 il primo dei tre webinar sul tema &#8220;<strong>Direzione generale Educazione, ricerca e istituti culturali: competenze istituzionali, giuridiche e ruolo del digitale<\/strong>&#8220;.<\/p>\n<p>Il webinar del 26 marzo \u00e8 il 22\u00b0 del ciclo sulla<em> Convenzione di Faro nell&#8217;era digitale <\/em>organizzato dall&#8217;associazione <em>Digital Cultural Heritage, Arts and Humanities <\/em>&#8211;\u00a0<strong><a href=\"http:\/\/www.diculther.it\">DiCultHer<\/a><\/strong>.<\/p>\n<h4><strong>Programma dettagliato<\/strong><\/h4>\n<ul>\n<li><em>Introduction<\/em> a cura del dott. Andrea De Pasquale, dirigente del Servizio I &#8211; Ufficio Studi.<\/li>\n<li><em>#EFR Beni culturali. <\/em><em>La piattaforma integrata della DG-ERIC per l&#8217;educazione, la formazione e la ricerca<\/em>.<br \/>\nIl dott. Diego Aprea e la dott.ssa Caterina Paola Venditti (Servizio I &#8211; Ufficio Studi, UO Sistemi informativi e documentali) presenteranno il progetto #EFR Beni culturali, una piattaforma che raccoglier\u00e0 in modo sistematico le iniziative inerenti l\u2019educazione, la formazione e la ricerca, degli istituti del MiC e del MUR, di Istituti Culturali, Regioni e altri soggetti pubblici e privati. Un luogo di incontro e condivisione di esperienze, attivit\u00e0, progetti, iniziative relativi al patrimonio culturale.<\/li>\n<li><em>Confini e problemi della nozione di \u201cCultural heritage\u201d <\/em><em>nella Convenzione di Faro e nel diritto interno <\/em>a cura dell&#8217; avv. Antonio Tarasco, dirigente del Servizio II &#8211; Istituti culturali. In che rapporti si pone la nozione di <em>cultural heritage<\/em>\u00a0accolta nella\u00a0<em>Convenzione di Faro\u00a0<\/em>rispetto all\u2019evoluzione della nozione di patrimonio culturale nel diritto interno e nel diritto internazionale? \u00c8 questo uno dei profili su cui si incentrer\u00e0 la relazione, in cui verr\u00e0 analizzata anche la reale giuridicit\u00e0 del concetto di \u201cdiritto al patrimonio culturale\u201d accolto nella stessa Convenzione e l\u2019ampiezza dell\u2019utilizzabilit\u00e0 del patrimonio culturale a fini economici.<\/li>\n<li><em>La Convenzione di Faro: verso la valorizzazione del patrimonio culturale come Cultural Common\u00a0<\/em>a cura dell&#8217;avv. Viviana Di Capua Universit\u00e0 degli Studi di Napoli \u201cFederico II\u201d. Il contributo\u00a0ha l\u2019obiettivo di dimostrare che la <em>Convenzione di Faro<\/em> ha posto le condizioni giuridiche per la considerazione (e la valorizzazione) del patrimonio culturale come <em>Cultural Common<\/em>, attribuendo alla comunit\u00e0 il compito di autogestire le risorse locali e definire, insieme alle istituzioni pubbliche, le regole d\u2019uso. Infine, l\u2019intervento esaminer\u00e0 un caso studio,\u00a0 i \u201cFriends of Molo San Vincenzo\u201d, una comunit\u00e0 patrimoniale per il recupero del Molo Borbonico nel Porto di Napoli.<\/li>\n<\/ul>\n<h4><strong>Iscriviti al webinar al link: <\/strong><\/h4>\n<p><strong><a href=\"https:\/\/www.eventbrite.it\/e\/biglietti-webinar-22-competenze-istituzionali-giuridiche-e-ruolo-del-digitale-147252481135\">https:\/\/www.eventbrite.it\/e\/biglietti-webinar-22-competenze-istituzionali-giuridiche-e-ruolo-del-digitale-147252481135<\/a><\/strong><\/p>\n<p>Vedi il programma completo dei webinar DG-ERIC alla pagina: <a href=\"https:\/\/dger.beniculturali.it\/webinar-a-cura-della-direzione-generale-educazione-ricerca-e-istituti-culturali\/\">https:\/\/dger.beniculturali.it\/webinar-a-cura-della-direzione-generale-educazione-ricerca-e-istituti-culturali\/<\/a>.<\/p>\n<p>Iscrizioni e maggiori informazioni sull&#8217;iniziativa DiCultHer alla pagina: <a href=\"https:\/\/www.diculther.it\/webinar-settimanali-sulla-convenzione-di-faro-ottobre-2020-aprile-2021\/\">https:\/\/www.diculther.it\/webinar-settimanali-sulla-convenzione-di-faro-ottobre-2020-aprile-2021\/<\/a>.<\/p>\n<p>Il webinar \u00e8 trasmesso anche in diretta streming sul <a href=\"https:\/\/www.youtube.com\/channel\/UCZJvwl_ABCYk59YK1pN0bHw\">Canale DiCultHer di YouTube<\/a>.<\/p>","protected":false},"excerpt":{"rendered":"<p>The first of three webinars on the theme &quot;Directorate General for Education, Research and Cultural Institutes: Skills ... <\/p>","protected":false},"author":1,"featured_media":4056,"comment_status":"closed","ping_status":"closed","sticky":false,"template":"","format":"standard","meta":{"footnotes":""},"categories":[13,17,189],"tags":[],"class_list":["post-6965","post","type-post","status-publish","format-standard","has-post-thumbnail","hentry","category-educazione","category-giornate-di-studio","category-tutti-articoli"],"acf":[],"yoast_head":"<!-- This site is optimized with the Yoast SEO plugin v23.3 - https:\/\/yoast.com\/wordpress\/plugins\/seo\/ -->\n<title>1\u00b0 webinar DG-ERIC per il ciclo DiCultHer &quot;Convenzione di Faro nell&#039;era digitale&quot; - Direzione Generale Educazione, ricerca e istituti culturali<\/title>\n<meta name=\"description\" content=\"Si terr\u00e0 il 26 marzo 2021 dalle 16.30 alle 18.00 il primo dei tre webinar DgG-ERIC sul tema: competenze istituzionali, giuridiche e ruolo del digitale.\" \/>\n<meta name=\"robots\" content=\"index, follow, max-snippet:-1, max-image-preview:large, max-video-preview:-1\" \/>\n<link rel=\"canonical\" href=\"https:\/\/dgeric.cultura.gov.it\/en\/webinar-dg-eric-su-competenze-istituzionali-giuridiche-e-ruolo-del-digitale-22-del-ciclo-diculther\/\" \/>\n<meta property=\"og:locale\" content=\"en_GB\" \/>\n<meta property=\"og:type\" content=\"article\" \/>\n<meta property=\"og:title\" content=\"1\u00b0 webinar DG-ERIC per il ciclo DiCultHer &quot;Convenzione di Faro nell&#039;era digitale&quot; - Direzione Generale Educazione, ricerca e istituti culturali\" \/>\n<meta property=\"og:description\" content=\"Si terr\u00e0 il 26 marzo 2021 dalle 16.30 alle 18.00 il primo dei tre webinar DgG-ERIC sul tema: competenze istituzionali, giuridiche e ruolo del digitale.\" \/>\n<meta property=\"og:url\" content=\"https:\/\/dgeric.cultura.gov.it\/en\/webinar-dg-eric-su-competenze-istituzionali-giuridiche-e-ruolo-del-digitale-22-del-ciclo-diculther\/\" \/>\n<meta property=\"og:site_name\" content=\"Direzione Generale Educazione, ricerca e istituti culturali\" \/>\n<meta property=\"article:publisher\" content=\"https:\/\/www.facebook.com\/dger.web\" \/>\n<meta property=\"article:published_time\" content=\"2021-03-24T16:46:53+00:00\" \/>\n<meta property=\"article:modified_time\" content=\"2022-12-21T17:24:57+00:00\" \/>\n<meta property=\"og:image\" content=\"https:\/\/dgeric.cultura.gov.it\/wp-content\/uploads\/2020\/10\/immagine-DgCultHer-1.png\" \/>\n\t<meta property=\"og:image:width\" content=\"360\" \/>\n\t<meta property=\"og:image:height\" content=\"273\" \/>\n\t<meta property=\"og:image:type\" content=\"image\/png\" \/>\n<meta name=\"author\" content=\"admin\" \/>\n<meta name=\"twitter:card\" content=\"summary_large_image\" \/>\n<meta name=\"twitter:label1\" content=\"Written by\" \/>\n\t<meta name=\"twitter:data1\" content=\"admin\" \/>\n\t<meta name=\"twitter:label2\" content=\"Estimated reading time\" \/>\n\t<meta name=\"twitter:data2\" content=\"2 minutes\" \/>\n<script type=\"application\/ld+json\" class=\"yoast-schema-graph\">{\"@context\":\"https:\/\/schema.org\",\"@graph\":[{\"@type\":\"WebPage\",\"@id\":\"https:\/\/dgeric.cultura.gov.it\/webinar-dg-eric-su-competenze-istituzionali-giuridiche-e-ruolo-del-digitale-22-del-ciclo-diculther\/\",\"url\":\"https:\/\/dgeric.cultura.gov.it\/webinar-dg-eric-su-competenze-istituzionali-giuridiche-e-ruolo-del-digitale-22-del-ciclo-diculther\/\",\"name\":\"1\u00b0 webinar DG-ERIC per il ciclo DiCultHer \\\"Convenzione di Faro nell'era digitale\\\" - Direzione Generale Educazione, ricerca e istituti culturali\",\"isPartOf\":{\"@id\":\"https:\/\/dgeric.cultura.gov.it\/#website\"},\"primaryImageOfPage\":{\"@id\":\"https:\/\/dgeric.cultura.gov.it\/webinar-dg-eric-su-competenze-istituzionali-giuridiche-e-ruolo-del-digitale-22-del-ciclo-diculther\/#primaryimage\"},\"image\":{\"@id\":\"https:\/\/dgeric.cultura.gov.it\/webinar-dg-eric-su-competenze-istituzionali-giuridiche-e-ruolo-del-digitale-22-del-ciclo-diculther\/#primaryimage\"},\"thumbnailUrl\":\"https:\/\/dgeric.cultura.gov.it\/wp-content\/uploads\/2020\/10\/immagine-DgCultHer-1.png\",\"datePublished\":\"2021-03-24T16:46:53+00:00\",\"dateModified\":\"2022-12-21T17:24:57+00:00\",\"author\":{\"@id\":\"https:\/\/dgeric.cultura.gov.it\/#\/schema\/person\/3e34c1de5522b9b23d7191788dea88df\"},\"description\":\"Si terr\u00e0 il 26 marzo 2021 dalle 16.30 alle 18.00 il primo dei tre webinar DgG-ERIC sul tema: competenze istituzionali, giuridiche e ruolo del digitale.\",\"breadcrumb\":{\"@id\":\"https:\/\/dgeric.cultura.gov.it\/webinar-dg-eric-su-competenze-istituzionali-giuridiche-e-ruolo-del-digitale-22-del-ciclo-diculther\/#breadcrumb\"},\"inLanguage\":\"en-GB\",\"potentialAction\":[{\"@type\":\"ReadAction\",\"target\":[\"https:\/\/dgeric.cultura.gov.it\/webinar-dg-eric-su-competenze-istituzionali-giuridiche-e-ruolo-del-digitale-22-del-ciclo-diculther\/\"]}]},{\"@type\":\"ImageObject\",\"inLanguage\":\"en-GB\",\"@id\":\"https:\/\/dgeric.cultura.gov.it\/webinar-dg-eric-su-competenze-istituzionali-giuridiche-e-ruolo-del-digitale-22-del-ciclo-diculther\/#primaryimage\",\"url\":\"https:\/\/dgeric.cultura.gov.it\/wp-content\/uploads\/2020\/10\/immagine-DgCultHer-1.png\",\"contentUrl\":\"https:\/\/dgeric.cultura.gov.it\/wp-content\/uploads\/2020\/10\/immagine-DgCultHer-1.png\",\"width\":360,\"height\":273,\"caption\":\"immagine-DiCultHer webinar\"},{\"@type\":\"BreadcrumbList\",\"@id\":\"https:\/\/dgeric.cultura.gov.it\/webinar-dg-eric-su-competenze-istituzionali-giuridiche-e-ruolo-del-digitale-22-del-ciclo-diculther\/#breadcrumb\",\"itemListElement\":[{\"@type\":\"ListItem\",\"position\":1,\"name\":\"Home\",\"item\":\"https:\/\/dgeric.cultura.gov.it\/\"},{\"@type\":\"ListItem\",\"position\":2,\"name\":\"1\u00b0 webinar DG-ERIC per il ciclo DiCultHer &#8220;Convenzione di Faro nell&#8217;era digitale&#8221;\"}]},{\"@type\":\"WebSite\",\"@id\":\"https:\/\/dgeric.cultura.gov.it\/#website\",\"url\":\"https:\/\/dgeric.cultura.gov.it\/\",\"name\":\"Direzione Generale Educazione, ricerca e istituti culturali\",\"description\":\"Il nuovo sito web della Direzione generale Educazione, ricerca e istituti culturali del Ministero della cultura\",\"alternateName\":\"dgeric\",\"potentialAction\":[{\"@type\":\"SearchAction\",\"target\":{\"@type\":\"EntryPoint\",\"urlTemplate\":\"https:\/\/dgeric.cultura.gov.it\/?s={search_term_string}\"},\"query-input\":\"required name=search_term_string\"}],\"inLanguage\":\"en-GB\"},{\"@type\":\"Person\",\"@id\":\"https:\/\/dgeric.cultura.gov.it\/#\/schema\/person\/3e34c1de5522b9b23d7191788dea88df\",\"name\":\"admin\",\"image\":{\"@type\":\"ImageObject\",\"inLanguage\":\"en-GB\",\"@id\":\"https:\/\/dgeric.cultura.gov.it\/#\/schema\/person\/image\/\",\"url\":\"https:\/\/secure.gravatar.com\/avatar\/73ce2d0d8c284cac6a168ef6fc4c913c1ecb8094b478747cc9378e8b01051435?s=96&d=mm&r=g\",\"contentUrl\":\"https:\/\/secure.gravatar.com\/avatar\/73ce2d0d8c284cac6a168ef6fc4c913c1ecb8094b478747cc9378e8b01051435?s=96&d=mm&r=g\",\"caption\":\"admin\"},\"sameAs\":[\"http:\/\/dgeric.cultura.gov.it\"],\"url\":\"https:\/\/dgeric.cultura.gov.it\/en\/author\/admin\/\"}]}<\/script>\n<!-- \/ Yoast SEO plugin. -->","yoast_head_json":{"title":"1\u00b0 webinar DG-ERIC per il ciclo DiCultHer \"Convenzione di Faro nell'era digitale\" - Direzione Generale Educazione, ricerca e istituti culturali","description":"Si terr\u00e0 il 26 marzo 2021 dalle 16.30 alle 18.00 il primo dei tre webinar DgG-ERIC sul tema: competenze istituzionali, giuridiche e ruolo del digitale.","robots":{"index":"index","follow":"follow","max-snippet":"max-snippet:-1","max-image-preview":"max-image-preview:large","max-video-preview":"max-video-preview:-1"},"canonical":"https:\/\/dgeric.cultura.gov.it\/en\/webinar-dg-eric-su-competenze-istituzionali-giuridiche-e-ruolo-del-digitale-22-del-ciclo-diculther\/","og_locale":"en_GB","og_type":"article","og_title":"1\u00b0 webinar DG-ERIC per il ciclo DiCultHer \"Convenzione di Faro nell'era digitale\" - Direzione Generale Educazione, ricerca e istituti culturali","og_description":"Si terr\u00e0 il 26 marzo 2021 dalle 16.30 alle 18.00 il primo dei tre webinar DgG-ERIC sul tema: competenze istituzionali, giuridiche e ruolo del digitale.","og_url":"https:\/\/dgeric.cultura.gov.it\/en\/webinar-dg-eric-su-competenze-istituzionali-giuridiche-e-ruolo-del-digitale-22-del-ciclo-diculther\/","og_site_name":"Direzione Generale Educazione, ricerca e istituti culturali","article_publisher":"https:\/\/www.facebook.com\/dger.web","article_published_time":"2021-03-24T16:46:53+00:00","article_modified_time":"2022-12-21T17:24:57+00:00","og_image":[{"width":360,"height":273,"url":"https:\/\/dgeric.cultura.gov.it\/wp-content\/uploads\/2020\/10\/immagine-DgCultHer-1.png","type":"image\/png"}],"author":"admin","twitter_card":"summary_large_image","twitter_misc":{"Written by":"admin","Estimated reading time":"2 minutes"},"schema":{"@context":"https:\/\/schema.org","@graph":[{"@type":"WebPage","@id":"https:\/\/dgeric.cultura.gov.it\/webinar-dg-eric-su-competenze-istituzionali-giuridiche-e-ruolo-del-digitale-22-del-ciclo-diculther\/","url":"https:\/\/dgeric.cultura.gov.it\/webinar-dg-eric-su-competenze-istituzionali-giuridiche-e-ruolo-del-digitale-22-del-ciclo-diculther\/","name":"1\u00b0 webinar DG-ERIC per il ciclo DiCultHer \"Convenzione di Faro nell'era digitale\" - Direzione Generale Educazione, ricerca e istituti culturali","isPartOf":{"@id":"https:\/\/dgeric.cultura.gov.it\/#website"},"primaryImageOfPage":{"@id":"https:\/\/dgeric.cultura.gov.it\/webinar-dg-eric-su-competenze-istituzionali-giuridiche-e-ruolo-del-digitale-22-del-ciclo-diculther\/#primaryimage"},"image":{"@id":"https:\/\/dgeric.cultura.gov.it\/webinar-dg-eric-su-competenze-istituzionali-giuridiche-e-ruolo-del-digitale-22-del-ciclo-diculther\/#primaryimage"},"thumbnailUrl":"https:\/\/dgeric.cultura.gov.it\/wp-content\/uploads\/2020\/10\/immagine-DgCultHer-1.png","datePublished":"2021-03-24T16:46:53+00:00","dateModified":"2022-12-21T17:24:57+00:00","author":{"@id":"https:\/\/dgeric.cultura.gov.it\/#\/schema\/person\/3e34c1de5522b9b23d7191788dea88df"},"description":"Si terr\u00e0 il 26 marzo 2021 dalle 16.30 alle 18.00 il primo dei tre webinar DgG-ERIC sul tema: competenze istituzionali, giuridiche e ruolo del digitale.","breadcrumb":{"@id":"https:\/\/dgeric.cultura.gov.it\/webinar-dg-eric-su-competenze-istituzionali-giuridiche-e-ruolo-del-digitale-22-del-ciclo-diculther\/#breadcrumb"},"inLanguage":"en-GB","potentialAction":[{"@type":"ReadAction","target":["https:\/\/dgeric.cultura.gov.it\/webinar-dg-eric-su-competenze-istituzionali-giuridiche-e-ruolo-del-digitale-22-del-ciclo-diculther\/"]}]},{"@type":"ImageObject","inLanguage":"en-GB","@id":"https:\/\/dgeric.cultura.gov.it\/webinar-dg-eric-su-competenze-istituzionali-giuridiche-e-ruolo-del-digitale-22-del-ciclo-diculther\/#primaryimage","url":"https:\/\/dgeric.cultura.gov.it\/wp-content\/uploads\/2020\/10\/immagine-DgCultHer-1.png","contentUrl":"https:\/\/dgeric.cultura.gov.it\/wp-content\/uploads\/2020\/10\/immagine-DgCultHer-1.png","width":360,"height":273,"caption":"immagine-DiCultHer webinar"},{"@type":"BreadcrumbList","@id":"https:\/\/dgeric.cultura.gov.it\/webinar-dg-eric-su-competenze-istituzionali-giuridiche-e-ruolo-del-digitale-22-del-ciclo-diculther\/#breadcrumb","itemListElement":[{"@type":"ListItem","position":1,"name":"Home","item":"https:\/\/dgeric.cultura.gov.it\/"},{"@type":"ListItem","position":2,"name":"1\u00b0 webinar DG-ERIC per il ciclo DiCultHer &#8220;Convenzione di Faro nell&#8217;era digitale&#8221;"}]},{"@type":"WebSite","@id":"https:\/\/dgeric.cultura.gov.it\/#website","url":"https:\/\/dgeric.cultura.gov.it\/","name":"Direzione Generale Educazione, ricerca e istituti culturali","description":"Il nuovo sito web della Direzione generale Educazione, ricerca e istituti culturali del Ministero della cultura","alternateName":"dgeric","potentialAction":[{"@type":"SearchAction","target":{"@type":"EntryPoint","urlTemplate":"https:\/\/dgeric.cultura.gov.it\/?s={search_term_string}"},"query-input":"required name=search_term_string"}],"inLanguage":"en-GB"},{"@type":"Person","@id":"https:\/\/dgeric.cultura.gov.it\/#\/schema\/person\/3e34c1de5522b9b23d7191788dea88df","name":"admin","image":{"@type":"ImageObject","inLanguage":"en-GB","@id":"https:\/\/dgeric.cultura.gov.it\/#\/schema\/person\/image\/","url":"https:\/\/secure.gravatar.com\/avatar\/73ce2d0d8c284cac6a168ef6fc4c913c1ecb8094b478747cc9378e8b01051435?s=96&d=mm&r=g","contentUrl":"https:\/\/secure.gravatar.com\/avatar\/73ce2d0d8c284cac6a168ef6fc4c913c1ecb8094b478747cc9378e8b01051435?s=96&d=mm&r=g","caption":"admin"},"sameAs":["http:\/\/dgeric.cultura.gov.it"],"url":"https:\/\/dgeric.cultura.gov.it\/en\/author\/admin\/"}]}},"_links":{"self":[{"href":"https:\/\/dgeric.cultura.gov.it\/en\/wp-json\/wp\/v2\/posts\/6965","targetHints":{"allow":["GET"]}}],"collection":[{"href":"https:\/\/dgeric.cultura.gov.it\/en\/wp-json\/wp\/v2\/posts"}],"about":[{"href":"https:\/\/dgeric.cultura.gov.it\/en\/wp-json\/wp\/v2\/types\/post"}],"author":[{"embeddable":true,"href":"https:\/\/dgeric.cultura.gov.it\/en\/wp-json\/wp\/v2\/users\/1"}],"replies":[{"embeddable":true,"href":"https:\/\/dgeric.cultura.gov.it\/en\/wp-json\/wp\/v2\/comments?post=6965"}],"version-history":[{"count":1,"href":"https:\/\/dgeric.cultura.gov.it\/en\/wp-json\/wp\/v2\/posts\/6965\/revisions"}],"predecessor-version":[{"id":14179,"href":"https:\/\/dgeric.cultura.gov.it\/en\/wp-json\/wp\/v2\/posts\/6965\/revisions\/14179"}],"wp:featuredmedia":[{"embeddable":true,"href":"https:\/\/dgeric.cultura.gov.it\/en\/wp-json\/wp\/v2\/media\/4056"}],"wp:attachment":[{"href":"https:\/\/dgeric.cultura.gov.it\/en\/wp-json\/wp\/v2\/media?parent=6965"}],"wp:term":[{"taxonomy":"category","embeddable":true,"href":"https:\/\/dgeric.cultura.gov.it\/en\/wp-json\/wp\/v2\/categories?post=6965"},{"taxonomy":"post_tag","embeddable":true,"href":"https:\/\/dgeric.cultura.gov.it\/en\/wp-json\/wp\/v2\/tags?post=6965"}],"curies":[{"name":"wp","href":"https:\/\/api.w.org\/{rel}","templated":true}]}}